{"id":3068,"date":"2018-10-05T18:09:29","date_gmt":"2018-10-05T18:09:29","guid":{"rendered":"http:\/\/www.iwabogdani.org\/?p=967"},"modified":"2018-10-05T18:09:29","modified_gmt":"2018-10-05T18:09:29","slug":"presidenti-thaci-dekoron-me-medalje-presidenciale-poetin-lulzim-tafa","status":"publish","type":"post","link":"https:\/\/www.iwabogdani.org\/sq\/presidenti-thaci-dekoron-me-medalje-presidenciale-poetin-lulzim-tafa\/","title":{"rendered":"Presidenti Tha\u00e7i dekoron me medalje presidenciale poetin Lulzim Tafa"},"content":{"rendered":"<p>Poeti i njohur kosovar, profesori dhe Rektori i Kolegjit AAB, Prof.dr. Lulzim Tafa, u dekorua me Medalje Presidenciale te Meritave nga presidenti i vendit, Hashim Tha\u00e7i.<\/p>\n<p>P\u00ebrmes nj\u00eb postimi n\u00eb rrjetin social \u201cFacebook\u201d, presidenti Tha\u00e7i ka treguar edhe p\u00ebr t\u00eb arriturat e poetit Tafa, ku ka p\u00ebrmendur \u00c7mimin nd\u00ebrkomb\u00ebtar \u201cMihai Eminescu\u201d.<\/p>\n<p><img fetchpriority=\"high\" decoding=\"async\" class=\"alignnone size-medium wp-image-972\" src=\"https:\/\/www.iwabogdani.org\/wp-content\/uploads\/2018\/10\/CC302296-E5F2-4337-852F-19A27AF2E305-300x210.jpeg\" alt=\"\" width=\"300\" height=\"210\" \/>\u201c\u00c7mimi nd\u00ebrkomb\u00ebtar \u201cMihai Eminescu\u201d \u00ebsht\u00eb e arritura m\u00eb e re e z. Tafa, t\u00eb cilin e p\u00ebrg\u00ebzova me urimin q\u00eb t\u00eb korr\u00eb suksese t\u00eb reja n\u00eb fush\u00ebn e let\u00ebrsis\u00eb dhe at\u00eb akademike\u201d, ka shkruar presidenti.<\/p>\n<p>Poeti Tafa \u00ebsht\u00eb gjithashtu an\u00ebtar\u00eb i rregulllt i Akademis\u00eb Evropiane t\u00eb Shkencave dhe Arteve dhe ka \u00e7mime t\u00eb ndryshme n\u00eb let\u00ebrsi.\/GazetaKNN\/<\/p>","protected":false},"excerpt":{"rendered":"<p>Poeti i njohur kosovar, profesori dhe Rektori i Kolegjit AAB, Prof.dr. Lulzim Tafa, u dekorua me Medalje Presidenciale te Meritave nga presidenti i vendit, Hashim Tha\u00e7i. P\u00ebrmes nj\u00eb postimi n\u00eb rrjetin social \u201cFacebook\u201d, presidenti Tha\u00e7i ka treguar edhe p\u00ebr t\u00eb arriturat e poetit Tafa, ku ka p\u00ebrmendur \u00c7mimin nd\u00ebrkomb\u00ebtar \u201cMihai Eminescu\u201d. \u201c\u00c7mimi nd\u00ebrkomb\u00ebtar \u201cMihai Eminescu\u201d [&hellip;]<\/p>","protected":false},"author":1,"featured_media":969,"comment_status":"open","ping_status":"open","sticky":false,"template":"","format":"standard","meta":{"_exactmetrics_skip_tracking":false,"_exactmetrics_sitenote_active":false,"_exactmetrics_sitenote_note":"","_exactmetrics_sitenote_category":0,"footnotes":""},"categories":[166,170],"tags":[],"book_author":[],"book_publisher":[],"acf":[],"_links":{"self":[{"href":"https:\/\/www.iwabogdani.org\/sq\/wp-json\/wp\/v2\/posts\/3068"}],"collection":[{"href":"https:\/\/www.iwabogdani.org\/sq\/wp-json\/wp\/v2\/posts"}],"about":[{"href":"https:\/\/www.iwabogdani.org\/sq\/wp-json\/wp\/v2\/types\/post"}],"author":[{"embeddable":true,"href":"https:\/\/www.iwabogdani.org\/sq\/wp-json\/wp\/v2\/users\/1"}],"replies":[{"embeddable":true,"href":"https:\/\/www.iwabogdani.org\/sq\/wp-json\/wp\/v2\/comments?post=3068"}],"version-history":[{"count":0,"href":"https:\/\/www.iwabogdani.org\/sq\/wp-json\/wp\/v2\/posts\/3068\/revisions"}],"wp:featuredmedia":[{"embeddable":true,"href":"https:\/\/www.iwabogdani.org\/sq\/wp-json\/"}],"wp:attachment":[{"href":"https:\/\/www.iwabogdani.org\/sq\/wp-json\/wp\/v2\/media?parent=3068"}],"wp:term":[{"taxonomy":"category","embeddable":true,"href":"https:\/\/www.iwabogdani.org\/sq\/wp-json\/wp\/v2\/categories?post=3068"},{"taxonomy":"post_tag","embeddable":true,"href":"https:\/\/www.iwabogdani.org\/sq\/wp-json\/wp\/v2\/tags?post=3068"},{"taxonomy":"book_author","embeddable":true,"href":"https:\/\/www.iwabogdani.org\/sq\/wp-json\/wp\/v2\/book_author?post=3068"},{"taxonomy":"book_publisher","embeddable":true,"href":"https:\/\/www.iwabogdani.org\/sq\/wp-json\/wp\/v2\/book_publisher?post=3068"}],"curies":[{"name":"wp","href":"https:\/\/api.w.org\/{rel}","templated":true}]}}