{"id":3082,"date":"2018-11-26T17:46:37","date_gmt":"2018-11-26T17:46:37","guid":{"rendered":"http:\/\/www.iwabogdani.org\/?p=1044"},"modified":"2018-11-26T17:46:37","modified_gmt":"2018-11-26T17:46:37","slug":"iwa-bogdani-themelon-cmimin-nderkombetare-atjon-v-zhiti","status":"publish","type":"post","link":"https:\/\/www.iwabogdani.org\/sq\/iwa-bogdani-themelon-cmimin-nderkombetare-atjon-v-zhiti\/","title":{"rendered":"IWA BOGDANI Themelon \u00c7mimin Nd\u00ebrkomb\u00ebtar &quot;Atjon V. Zhiti"},"content":{"rendered":"<p>Shoqata Nd\u00ebrkomb\u00ebtare e Shkrimtar\u00ebve IWA BOGDANI merr vendimin <strong><em>27\/11\/18. N-109<\/em><\/strong> q\u00eb nga sivjet t\u00eb themelohet \u00c7mimi Nd\u00ebrkomb\u00ebtar\u00eb Atjon Zhiti. Ky \u00e7mim jepet me motivacionin \u201c<strong>p\u00ebr pasionin dhe sinqeritetin artistik n\u00eb krijimtari\u201d <\/strong>, nd\u00ebrsa ky i ri jetoj shkurt, por jeta e tij meriton t\u00eb nderohet dhe t\u00eb nderon lauerat\u00ebt me ket\u00eb em\u00ebr.<\/p>\n<p style=\"text-align: right;\">IWA BOGDANI, Prishtin\u00eb 2018<\/p>\n<p><strong>Atjon V. Zhiti \u00a0-CV-<\/strong><\/p>\n<p><img fetchpriority=\"high\" decoding=\"async\" class=\"alignnone size-full wp-image-1047\" src=\"https:\/\/www.iwabogdani.org\/wp-content\/uploads\/2018\/11\/atjon-v-zhiti.jpg\" alt=\"\" width=\"192\" height=\"262\" \/>\u201c!9 vje\u00e7ari i p\u00ebrhersh\u00ebm\u201d, Atjon V. Zhiti, dinte t\u00eb jepte shum\u00eb dashuri e vrull nd\u00ebr shok\u00ebt e shoqet e miqt\u00eb, p\u00eblqente artet, filozofin\u00eb dhe muzik\u00ebn, gjuh\u00ebt e huaja dhe shkencat politike dhe buz\u00ebqeshte \u00e7ilt\u00ebrsisht, duke mbetur ideal shpirt\u00ebror i brezit t\u00eb tij.<\/p>\n<p>&#8211; Lindi n\u00eb qytetin e Vlor\u00ebs (Shqip\u00ebri) n\u00eb 30 gusht 1995 dhe u rrit m\u00eb shum\u00eb n\u00eb Rom\u00eb (Itali), ku prind\u00ebrit punonin si diplomat\u00eb.<\/p>\n<p>&#8211; Kur ishte 3 vje\u00e7 e gjysm\u00eb iu botua nj\u00eb viziatim p\u00ebr \u201cN\u00ebn\u00eb Teerzen\u201d dhe shkruajt\u00ebn gazetat n\u00eb Vatikani dhe n\u00eb Shqip\u00ebri. Hapi nj\u00eb \u201cekspozit\u00eb f\u00ebminore\u201d n\u00eb sht\u00ebpi n\u00eb Rom\u00eb dhe m\u00eb pas nj\u00eb tjet\u00ebr n\u00eb Vlor\u00eb, n\u00eb kopshtin e sht\u00ebpis\u00eb s\u00eb gjyshit, ku vizatimet e tij u var\u00ebn pem\u00ebve.<\/p>\n<p>&#8211; Shkoll\u00ebn fillore e kreu n\u00eb Tiran\u00eb, n\u00eb shkoll\u00ebn katolike \u201cYlber\u201d.<\/p>\n<p>&#8211; Arsimin 9 vje\u00e7ar e kreu n\u00eb Rom\u00eb n\u00eb shkoll\u00ebn e muzik\u00ebs \u201cGiuseppe Sinopoli\u201d, m\u00ebsoi flautin dhe dha disa koncerte me orkestren e shkoll\u00ebs.<\/p>\n<p>&#8211; Nisi studimet n\u00eb liceun e njohur klasik t\u00eb Rom\u00ebs \u201cGiulio Cesare\u201d, ku krahas italishtes dhe anglishtes, q\u00eb i njihte mir\u00eb, studio dhe greqishten e vjet\u00ebr dhe latinishten.<\/p>\n<p>&#8211; Vizitoi t\u00eb gjitha muzeumet e Rom\u00ebs dhe n\u00eb qytete t\u00eb tjera, Tiran\u00eb, Firence, Venecia, Paris, etj, e deri n\u00eb Chicago, SHBA<\/p>\n<p>&#8211; P\u00ebrfundoi gjimnazin \u201cIsmail Qemali\u201d n\u00eb Tiran\u00eb dhe b\u00ebri kurse kualifikimi p\u00ebr gjuh\u00ebt spanjisht, frengjisht e gjermanisht.<\/p>\n<p>&#8211; Fiton nj\u00eb burs\u00eb p\u00ebr t\u00eb vazhduar studimet p\u00ebr Filozofi n\u00eb Universitetin Katolik t\u00eb Milanos \u201cSacro Cuore\u201d. Vitin e par\u00eb e kryen me rezultatre t\u00eb larta.<\/p>\n<p>&#8211; Pranohet si antari m\u00eb i ri i PEN Clubit Italian. Krahas shkrimtarve n\u00eb Shqip\u00ebri dhe Kosov\u00eb, njihet me poet\u00eb t\u00eb njohur nga bota, Sebastiano Grasso, Mario Luzi, Adonis, Hermann Nitsch, Jevtushenko, nobelistin Derek Walcott dhe e t\u00ebrheqin p\u00ebrkthimet.<\/p>\n<p>&#8211; Dalin libra me vizatime t\u00eb Atjonit n\u00eb ballin\u00eb.<\/p>\n<p>&#8211; U b\u00eb antar i Parlamentit Europian Rinor duke p\u00ebrfaq\u00ebsuar Shqip\u00ebrin\u00eb n\u00eb disa Konferenca sin \u00eb Spanj\u00eb, Letoni, etj.<\/p>\n<p>&#8211; N\u00eb vitin e dyt\u00eb universitar nis botimet e eseve t\u00eb para t\u00eb tij filozofike n\u00eb Shqip\u00ebri dhe Kosov\u00eb dhe n\u00eb median shqiptare n\u00eb diaspor\u00eb, Itali, Zvic\u00ebr, Angli, SHBA.<\/p>\n<p><em>(\u2026 20 dhjetor 2014 \u2013 Tragjedia\u2026 aksidenti rrugor\u2026 T\u00eb gjitha gazetat shqiptare n\u00eb Shqip\u00ebri, n\u00eb Kosov\u00eb dhe kudo n\u00eb diaspor\u00ebn shqiptare n\u00eb bot\u00eb, madje dhe nga media italiane, japin lajmin trondit\u00ebs\u2026)<br \/>\n<\/em>&#8211; Botohet libri i par\u00eb i Atjon me ese e shkrime t\u00eb tjera \u201cP\u00ebr at\u00eb q\u00eb dua(m)\u201d<br \/>\n&#8211; Hapet ekspozita \u201cNj\u00eb kuti me xi\u00ebllonja\u201d me piktura t\u00eb Atjonit n\u00eb Universitetin \u201cPolis\u201d, n\u00eb Tiran\u00eb<br \/>\n&#8211; Botohet Albumi \u201cOpera Atjon\u201d n\u00eb shqip dhe italisht me t\u00eb gjitha pikturat e tij.<br \/>\n&#8211; Dalin librat me tregime \u201cValixhja e shqyer\u201d dhe me poezi \u201cT\u00eb rritesh nga dashuria\u201d t\u00eb babait t\u00eb Atjonit dhe me ilustrime t\u00eb Atjonit si bashkautor.<br \/>\n&#8211; Festali Nd\u00ebrkomb\u00ebtar i Filmit \u201cGiffoni\u201d jep \u00e7do vit \u00e7mimin \u201cAtjon Zhiti\u201d p\u00ebr an\u00ebtarin m\u00eb t\u00eb mire t\u00eb juris\u00eb, ku Atjoni b\u00ebnte pjes\u00eb.<br \/>\n&#8211; Nj\u00eb rruge n\u00eb Tiran\u00eb i \u00ebsht\u00eb vendoaur nga Bashkia e Kryeqytetit emri: \u201cRRUGA E ATJONIT\u201d.<\/p>\n<p><strong>\u00a0\u00a0\u00a0\u00a0\u00a0\u00a0\u00a0\u00a0 Kan\u00eb th\u00ebn\u00eb p\u00ebr Atjonin:<\/strong><br \/>\nNuk kam takuar nj\u00eb t\u00eb ri kaq t\u00eb mire, kaq fisnik dhe kaq t\u00eb dashur n\u00eb Shqip\u00ebri sa<br \/>\nAtjoni<\/p>\n<p style=\"text-align: right;\">\u00a0 \u00a0 \u00a0 \u00a0 \u00a0 \u00a0 \u00a0 \u00a0 \u00a0 \u00a0 \u00a0 \u00a0 \u00a0 \u00a0 \u00a0 \u00a0 \u00a0 \u00a0<em>Robert Elsie, \u00a0 \u00a0 \u00a0 \u00a0 \u00a0 \u00a0 \u00a0 \u00a0 \u00a0 \u00a0 \u00a0 \u00a0 \u00a0 \u00a0 \u00a0 \u00a0 \u00a0 \u00a0 \u00a0 \u00a0 \u00a0 \u00a0 \u00a0 \u00a0 \u00a0 \u00a0 \u00a0 \u00a0 \u00a0 \u00a0 \u00a0 \u00a0 \u00a0 \u00a0 \u00a0 \u00a0 \u00a0 \u00a0 \u00a0 \u00a0 \u00a0 \u00a0 \u00a0 \u00a0 \u00a0 \u00a0 \u00a0 \u00a0 \u00a0 \u00a0 \u00a0 \u00a0 albanalog i njohur<\/em><\/p>\n<p>\u00a0\u00a0\u00a0\u00a0\u00a0\u00a0\u00a0\u00a0 Kjo fytyr\u00eb e bukur engj\u00ebllore\u2026 ajo krijes\u00eb e mrekullueshme pra, ishte b\u00ebr\u00eb p\u00ebr qiellin, jo p\u00ebr k\u00ebt\u00eb bot\u00eb<\/p>\n<p style=\"text-align: right;\">\u00a0\u00a0\u00a0\u00a0\u00a0\u00a0\u00a0\u00a0 \u00a0\u00a0\u00a0\u00a0\u00a0\u00a0\u00a0\u00a0\u00a0\u00a0\u00a0\u00a0\u00a0\u00a0\u00a0\u00a0\u00a0\u00a0\u00a0\u00a0\u00a0\u00a0\u00a0\u00a0\u00a0\u00a0\u00a0\u00a0\u00a0\u00a0\u00a0\u00a0\u00a0\u00a0\u00a0\u00a0\u00a0\u00a0\u00a0\u00a0\u00a0\u00a0\u00a0\u00a0 <em>Helena dhe Ismail Kadare, \u00a0\u00a0\u00a0\u00a0\u00a0\u00a0\u00a0\u00a0\u00a0\u00a0\u00a0\u00a0\u00a0\u00a0\u00a0\u00a0\u00a0\u00a0\u00a0\u00a0\u00a0\u00a0\u00a0\u00a0\u00a0\u00a0\u00a0\u00a0\u00a0\u00a0\u00a0\u00a0\u00a0\u00a0\u00a0\u00a0\u00a0\u00a0\u00a0\u00a0\u00a0\u00a0\u00a0\u00a0\u00a0\u00a0\u00a0\u00a0 \u00a0\u00a0\u00a0\u00a0\u00a0\u00a0\u00a0\u00a0\u00a0\u00a0\u00a0\u00a0\u00a0\u00a0\u00a0\u00a0\u00a0 \u00a0\u00a0\u00a0\u00a0\u00a0\u00a0\u00a0\u00a0 shkrimtar\u00eb<\/em><\/p>\n<p>\u00a0\u00a0\u00a0\u00a0\u00a0\u00a0\u00a0\u00a0 Atjoni e iluminonte poezin\u00eb, sepse ai vet\u00eb ishte pothuajse nj\u00eb poem\u00eb magjike.<\/p>\n<p style=\"text-align: right;\"><em>Adonis<\/em><br \/>\n<em>Poet<\/em><\/p>\n<p><em>(k\u00ebt\u00eb citat mud ta inkuadrosh dhe te \u00e7ertifikata e \u00e7mimit, n\u00ebse mendon\u2026)<\/em><\/p>\n<p style=\"text-align: right;\">\u00a0\u00a0\u00a0\u00a0\u00a0\u00a0\u00a0\u00a0 Libri i Atjonit \u2013 testament i Tij\u2026 si Ungjilli p\u00ebr bashk\u00ebmoshatar\u00ebt e tij, <strong>fari ndri\u00e7ues I brezit t\u00eb tij<\/strong>\u2026<br \/>\n<em style=\"text-align: right;\">\u00a0 \u00a0 \u00a0 \u00a0 \u00a0 \u00a0 \u00a0 \u00a0 \u00a0 \u00a0 \u00a0 \u00a0 \u00a0 \u00a0 \u00a0 \u00a0 \u00a0 \u00a0 \u00a0 \u00a0 \u00a0 \u00a0 \u00a0 \u00a0 \u00a0 \u00a0 \u00a0 \u00a0 \u00a0 \u00a0 \u00a0 \u00a0 \u00a0 \u00a0 \u00a0 \u00a0 \u00a0 \u00a0 \u00a0 \u00a0 \u00a0 \u00a0 \u00a0 \u00a0 \u00a0 \u00a0 \u00a0 \u00a0 \u00a0 \u00a0 \u00a0 \u00a0 \u00a0 \u00a0 \u00a0 \u00a0 \u00a0 \u00a0 \u00a0 \u00a0 \u00a0 \u00a0 \u00a0 \u00a0 \u00a0 \u00a0 \u00a0 \u00a0Eugjen Merlika,\u00a0studiues \u00a0<\/em><\/p>\n<p>E njoha edhe fizikisht Atjonin. Ai jetoj shkurt, por me shum\u00eb optimist dhe i p\u00ebrkushtuar p\u00ebr artin dhe jet\u00ebn. Edhe sot m\u00eb b\u00ebhet se po m\u00eb pret diku t\u00eb flasim p\u00ebr letersin\u00eb dhe shum\u00eb\u00e7ka, por ja qe jeta e pasosur na e mori. Do mbetet nj\u00eb shenj\u00eb q\u00eb simbolizon shpres\u00ebn dhe gjall\u00ebrin\u00eb rinore.<\/p>\n<p style=\"text-align: right;\">\u00a0\u00a0\u00a0\u00a0\u00a0\u00a0\u00a0\u00a0\u00a0\u00a0\u00a0\u00a0\u00a0\u00a0\u00a0\u00a0\u00a0\u00a0\u00a0\u00a0\u00a0\u00a0\u00a0\u00a0\u00a0\u00a0\u00a0\u00a0\u00a0\u00a0\u00a0\u00a0\u00a0\u00a0\u00a0\u00a0\u00a0\u00a0\u00a0\u00a0\u00a0\u00a0\u00a0\u00a0\u00a0\u00a0<em>\u00a0\u00a0\u00a0\u00a0\u00a0\u00a0\u00a0 Jeton Kelmendi<\/em><br \/>\n<em>Profesor universitar\u00eb<\/em><\/p>","protected":false},"excerpt":{"rendered":"<p>Shoqata Nd\u00ebrkomb\u00ebtare e Shkrimtar\u00ebve IWA BOGDANI merr vendimin 27\/11\/18. N-109 q\u00eb nga sivjet t\u00eb themelohet \u00c7mimi Nd\u00ebrkomb\u00ebtar\u00eb Atjon Zhiti. Ky \u00e7mim jepet me motivacionin \u201cp\u00ebr pasionin dhe sinqeritetin artistik n\u00eb krijimtari\u201d , nd\u00ebrsa ky i ri jetoj shkurt, por jeta e tij meriton t\u00eb nderohet dhe t\u00eb nderon lauerat\u00ebt me ket\u00eb em\u00ebr. IWA BOGDANI, Prishtin\u00eb [&hellip;]<\/p>","protected":false},"author":1,"featured_media":1046,"comment_status":"open","ping_status":"open","sticky":false,"template":"","format":"standard","meta":{"_exactmetrics_skip_tracking":false,"_exactmetrics_sitenote_active":false,"_exactmetrics_sitenote_note":"","_exactmetrics_sitenote_category":0,"footnotes":""},"categories":[165,166,170],"tags":[],"book_author":[],"book_publisher":[],"acf":[],"_links":{"self":[{"href":"https:\/\/www.iwabogdani.org\/sq\/wp-json\/wp\/v2\/posts\/3082"}],"collection":[{"href":"https:\/\/www.iwabogdani.org\/sq\/wp-json\/wp\/v2\/posts"}],"about":[{"href":"https:\/\/www.iwabogdani.org\/sq\/wp-json\/wp\/v2\/types\/post"}],"author":[{"embeddable":true,"href":"https:\/\/www.iwabogdani.org\/sq\/wp-json\/wp\/v2\/users\/1"}],"replies":[{"embeddable":true,"href":"https:\/\/www.iwabogdani.org\/sq\/wp-json\/wp\/v2\/comments?post=3082"}],"version-history":[{"count":0,"href":"https:\/\/www.iwabogdani.org\/sq\/wp-json\/wp\/v2\/posts\/3082\/revisions"}],"wp:featuredmedia":[{"embeddable":true,"href":"https:\/\/www.iwabogdani.org\/sq\/wp-json\/"}],"wp:attachment":[{"href":"https:\/\/www.iwabogdani.org\/sq\/wp-json\/wp\/v2\/media?parent=3082"}],"wp:term":[{"taxonomy":"category","embeddable":true,"href":"https:\/\/www.iwabogdani.org\/sq\/wp-json\/wp\/v2\/categories?post=3082"},{"taxonomy":"post_tag","embeddable":true,"href":"https:\/\/www.iwabogdani.org\/sq\/wp-json\/wp\/v2\/tags?post=3082"},{"taxonomy":"book_author","embeddable":true,"href":"https:\/\/www.iwabogdani.org\/sq\/wp-json\/wp\/v2\/book_author?post=3082"},{"taxonomy":"book_publisher","embeddable":true,"href":"https:\/\/www.iwabogdani.org\/sq\/wp-json\/wp\/v2\/book_publisher?post=3082"}],"curies":[{"name":"wp","href":"https:\/\/api.w.org\/{rel}","templated":true}]}}