{"id":3119,"date":"2019-05-12T14:28:57","date_gmt":"2019-05-12T14:28:57","guid":{"rendered":"http:\/\/www.iwabogdani.org\/?p=1263"},"modified":"2019-05-12T14:28:57","modified_gmt":"2019-05-12T14:28:57","slug":"mitingu-i-55-i-poezise-ne-gjakove-dhe-tradita-qe-vazhdon","status":"publish","type":"post","link":"https:\/\/www.iwabogdani.org\/sq\/mitingu-i-55-i-poezise-ne-gjakove-dhe-tradita-qe-vazhdon\/","title":{"rendered":"MITINGU I 55 I POEZIS\u00cb N\u00cb GJAKOV\u00cb  DHE TRADITA Q\u00cb VAZHDON"},"content":{"rendered":"<blockquote><p><strong><span class=\"s2\">MITINGU I 55 I POEZIS\u00cb N\u00cb GJAKOV\u00cb<\/span><span class=\"s2\"> \u00a0DHE TRADITA Q\u00cb VAZHDON<\/span><\/strong><\/p><\/blockquote>\n<p><span class=\"s3\">Shum\u00eb \u00e7mime, <\/span><span class=\"s3\">promovime, debat p\u00ebr let\u00ebrsin\u00eb e <\/span><span class=\"s3\">poet\u00eb nd\u00ebrkomb\u00ebtare dhe vler\u00eb e lart e poezis\u00eb<\/span><\/p>\n<p><span class=\"s4\"><span class=\"bumpedFont15\">Tradita e k<\/span><\/span><span class=\"s4\"><span class=\"bumpedFont15\">\u00eb<\/span><\/span><span class=\"s4\"><span class=\"bumpedFont15\">tij festivali ka nisur n<\/span><\/span><span class=\"s4\"><span class=\"bumpedFont15\">\u00eb<\/span><\/span><span class=\"s4\"><span class=\"bumpedFont15\"> Gjakov<\/span><\/span><span class=\"s4\"><span class=\"bumpedFont15\">\u00eb<\/span><\/span><span class=\"s4\"><span class=\"bumpedFont15\"> n<\/span><\/span><span class=\"s4\"><span class=\"bumpedFont15\">\u00eb<\/span><\/span><span class=\"s4\"><span class=\"bumpedFont15\"> muajin maj t<\/span><\/span><span class=\"s4\"><span class=\"bumpedFont15\">\u00eb<\/span><\/span><span class=\"s4\"><span class=\"bumpedFont15\">vitit 1964, dhe prap<\/span><\/span><span class=\"s4\"><span class=\"bumpedFont15\">\u00eb<\/span><\/span><span class=\"s4\"><span class=\"bumpedFont15\"> u kthye n<\/span><\/span><span class=\"s4\"><span class=\"bumpedFont15\">\u00eb<\/span><\/span><span class=\"s4\"><span class=\"bumpedFont15\"> muajin e vet<\/span><\/span><span class=\"s4\"><span class=\"bumpedFont15\">\u00eb<\/span><\/span><span class=\"s4\"><span class=\"bumpedFont15\"> me shum<\/span><\/span><span class=\"s4\"><span class=\"bumpedFont15\">\u00eb<\/span><\/span><span class=\"s4\"><span class=\"bumpedFont15\"> poet<\/span><\/span><span class=\"s4\"><span class=\"bumpedFont15\">\u00eb<\/span><\/span><span class=\"s4\"><span class=\"bumpedFont15\">, nd<\/span><\/span><span class=\"s4\"><span class=\"bumpedFont15\">\u00eb<\/span><\/span><span class=\"s4\"><span class=\"bumpedFont15\">rkomb<\/span><\/span><span class=\"s4\"><span class=\"bumpedFont15\">\u00eb<\/span><\/span><span class=\"s4\"><span class=\"bumpedFont15\">tar<\/span><\/span><span class=\"s4\"><span class=\"bumpedFont15\">\u00eb<\/span><\/span><span class=\"s4\"><span class=\"bumpedFont15\"> dhe m<\/span><\/span><span class=\"s4\"><span class=\"bumpedFont15\">\u00eb<\/span><\/span><span class=\"s4\"><span class=\"bumpedFont15\"> shum<\/span><\/span><span class=\"s4\"><span class=\"bumpedFont15\">\u00eb<\/span><\/span><span class=\"s4\"><span class=\"bumpedFont15\"> \u00e7mime e shp<\/span><\/span><span class=\"s4\"><span class=\"bumpedFont15\">\u00eb<\/span><\/span><span class=\"s4\"><span class=\"bumpedFont15\">rblime q<\/span><\/span><span class=\"s4\"><span class=\"bumpedFont15\">\u00eb<\/span><\/span><span class=\"s4\"><span class=\"bumpedFont15\">manifestuan shum<\/span><\/span><span class=\"s4\"><span class=\"bumpedFont15\">\u00eb<\/span><\/span><span class=\"s4\"><span class=\"bumpedFont15\"> \u00e7ka q<\/span><\/span><span class=\"s4\"><span class=\"bumpedFont15\">\u00eb<\/span><\/span><span class=\"s4\"><span class=\"bumpedFont15\"> i thon<\/span><\/span><span class=\"s4\"><span class=\"bumpedFont15\">\u00eb<\/span><\/span><span class=\"s4\"><span class=\"bumpedFont15\"> poezi.\u00a0<img decoding=\"async\" class=\"_1_uo _7buz img\" src=\"https:\/\/scontent.fprx2-1.fna.fbcdn.net\/v\/t1.0-0\/cp0\/e15\/q65\/s600x600\/59810857_10214183179154943_5214420661933441024_n.jpg?_nc_cat=102&amp;efg=eyJpIjoidCJ9&amp;_nc_ht=scontent.fprx2-1.fna&amp;oh=14bc74dfd369dabaa6abbf141cd69e1d&amp;oe=5D701F35\" alt=\"Image may contain: 3 people, people standing, sky, cloud, shoes and outdoor\" \/><\/span><\/span><\/p>\n<p><em>Para Shtatores se Nenes Tereze\u00a0<\/em><\/p>\n<p><span class=\"s4\"><span class=\"bumpedFont15\">Klubi letrar \u201cGjon <\/span><\/span><span class=\"s4\"><span class=\"bumpedFont15\">Nikoll<\/span><\/span><span class=\"s4\"><span class=\"bumpedFont15\">\u00eb<\/span><\/span><span class=\"s4\"><span class=\"bumpedFont15\"> Kazazi\u201d, mbajti <\/span><\/span><span class=\"s4\"><span class=\"bumpedFont15\">Jav\u00eb<\/span><\/span><span class=\"s4\"><span class=\"bumpedFont15\">n<\/span><\/span><span class=\"s4\"><span class=\"bumpedFont15\"> e Mitingut me pes<\/span><\/span><span class=\"s4\"><span class=\"bumpedFont15\">\u00eb<\/span><\/span><span class=\"s4\"><span class=\"bumpedFont15\"> promovime t<\/span><\/span><span class=\"s4\"><span class=\"bumpedFont15\">\u00eb<\/span><\/span><span class=\"s4\"><span class=\"bumpedFont15\"> disa veprave, nd<\/span><\/span><span class=\"s4\"><span class=\"bumpedFont15\">\u00eb<\/span><\/span><span class=\"s4\"><span class=\"bumpedFont15\">rsa m<\/span><\/span><span class=\"s4\"><span class=\"bumpedFont15\">\u00eb<\/span><\/span><span class=\"s4\"><span class=\"bumpedFont15\"> 10 maj, dita kur u sh<\/span><\/span><span class=\"s4\"><span class=\"bumpedFont15\">\u00eb<\/span><\/span><span class=\"s4\"><span class=\"bumpedFont15\">nuan nj<\/span><\/span><span class=\"s4\"><span class=\"bumpedFont15\">\u00eb<\/span><\/span><span class=\"s4\"><span class=\"bumpedFont15\"> varg aktivitetesh e or<\/span><\/span><span class=\"s4\"><span class=\"bumpedFont15\">\u00eb<\/span><\/span><span class=\"s4\"><span class=\"bumpedFont15\"> letrare. <\/span><\/span><\/p>\n<p><span class=\"s4\"><span class=\"bumpedFont15\">Sikur e do rendi e tradita edhe k<\/span><\/span><span class=\"s4\"><span class=\"bumpedFont15\">\u00eb<\/span><\/span><span class=\"s4\"><span class=\"bumpedFont15\">t<\/span><\/span><span class=\"s4\"><span class=\"bumpedFont15\">\u00eb<\/span><\/span><span class=\"s4\"><span class=\"bumpedFont15\"> vit u mbajt ora letrare n<\/span><\/span><span class=\"s4\"><span class=\"bumpedFont15\">\u00eb<\/span><\/span><span class=\"s4\"><span class=\"bumpedFont15\">Bajram Curr, me shum<\/span><\/span><span class=\"s4\"><span class=\"bumpedFont15\">\u00eb<\/span><\/span><span class=\"s4\"><span class=\"bumpedFont15\"> krijues, nd<\/span><\/span><span class=\"s4\"><span class=\"bumpedFont15\">\u00eb<\/span><\/span><span class=\"s4\"><span class=\"bumpedFont15\">rsa t<\/span><\/span><span class=\"s4\"><span class=\"bumpedFont15\">\u00eb<\/span><\/span><span class=\"s4\"><span class=\"bumpedFont15\"> premten n<\/span><\/span><span class=\"s4\"><span class=\"bumpedFont15\">\u00eb<\/span><\/span><span class=\"s4\"><span class=\"bumpedFont15\"> or<\/span><\/span><span class=\"s4\"><span class=\"bumpedFont15\">\u00eb<\/span><\/span><span class=\"s4\"><span class=\"bumpedFont15\">n 11.00 nisi dinamika e programit me poet<\/span><\/span><span class=\"s4\"><span class=\"bumpedFont15\">\u00eb<\/span><\/span><span class=\"s4\"><span class=\"bumpedFont15\"> p<\/span><\/span><span class=\"s4\"><span class=\"bumpedFont15\">\u00eb<\/span><\/span><span class=\"s4\"><span class=\"bumpedFont15\">r t<\/span><\/span><span class=\"s4\"><span class=\"bumpedFont15\">\u00eb<\/span><\/span><span class=\"s4\"><span class=\"bumpedFont15\"> vegj<\/span><\/span><span class=\"s4\"><span class=\"bumpedFont15\">\u00eb<\/span><\/span><span class=\"s4\"><span class=\"bumpedFont15\">l pran<\/span><\/span><span class=\"s4\"><span class=\"bumpedFont15\">\u00eb<\/span><\/span> <span class=\"s4\"><span class=\"bumpedFont15\">shtator<\/span><\/span><span class=\"s4\"><span class=\"bumpedFont15\">e<\/span><\/span><span class=\"s4\"><span class=\"bumpedFont15\">s<\/span><\/span><span class=\"s4\"><span class=\"bumpedFont15\">s<\/span><\/span><span class=\"s4\"><span class=\"bumpedFont15\">\u00eb<\/span><\/span><span class=\"s4\"><span class=\"bumpedFont15\"> Sh<\/span><\/span><span class=\"s4\"><span class=\"bumpedFont15\">\u00eb<\/span><\/span><span class=\"s4\"><span class=\"bumpedFont15\">n N<\/span><\/span><span class=\"s4\"><span class=\"bumpedFont15\">\u00eb<\/span><\/span><span class=\"s4\"><span class=\"bumpedFont15\">n<\/span><\/span><span class=\"s4\"><span class=\"bumpedFont15\">\u00eb<\/span><\/span><span class=\"s4\"><span class=\"bumpedFont15\"> Tereza, para publikut t<\/span><\/span><span class=\"s4\"><span class=\"bumpedFont15\">\u00eb<\/span><\/span><span class=\"s4\"><span class=\"bumpedFont15\"> shumt<\/span><\/span><span class=\"s4\"><span class=\"bumpedFont15\">\u00eb<\/span><\/span><span class=\"s4\"><span class=\"bumpedFont15\">, pik<\/span><\/span><span class=\"s4\"><span class=\"bumpedFont15\">\u00eb<\/span><\/span><span class=\"s4\"><span class=\"bumpedFont15\">risht <\/span><\/span><span class=\"s4\"><span class=\"bumpedFont15\">atyre shkollor. <\/span><\/span><span class=\"s4\"><span class=\"bumpedFont15\">Pjes\u00ebmarrja<\/span><\/span><span class=\"s4\"><span class=\"bumpedFont15\"> e poet<\/span><\/span><span class=\"s4\"><span class=\"bumpedFont15\">\u00eb<\/span><\/span><span class=\"s4\"><span class=\"bumpedFont15\">ve nga Argjentina, <\/span><\/span><span class=\"s4\"><span class=\"bumpedFont15\">Rikardo<\/span><\/span> <span class=\"s4\"><span class=\"bumpedFont15\">Rubio<\/span><\/span><span class=\"s4\"><span class=\"bumpedFont15\">, nga Portugalia <\/span><\/span><span class=\"s4\"><span class=\"bumpedFont15\">Maria<\/span><\/span> <span class=\"s4\"><span class=\"bumpedFont15\">Barroso<\/span><\/span><span class=\"s4\"><span class=\"bumpedFont15\"> dhe Laura <\/span><\/span><span class=\"s4\"><span class=\"bumpedFont15\">Garavaglia<\/span><\/span><span class=\"s4\"><span class=\"bumpedFont15\"> nga Italia, krijuan gjeografi bot<\/span><\/span><span class=\"s4\"><span class=\"bumpedFont15\">\u00eb<\/span><\/span><span class=\"s4\"><span class=\"bumpedFont15\">rore me <\/span><\/span><span class=\"s4\"><span class=\"bumpedFont15\">pjes\u00ebmarrje<\/span><\/span><span class=\"s4\"><span class=\"bumpedFont15\"> si dhe nga t<\/span><\/span><span class=\"s4\"><span class=\"bumpedFont15\">\u00eb<\/span><\/span><span class=\"s4\"><span class=\"bumpedFont15\"> gjitha trojet shqiptare.\u00a0<img fetchpriority=\"high\" decoding=\"async\" class=\"alignnone size-medium wp-image-1266\" src=\"https:\/\/www.iwabogdani.org\/wp-content\/uploads\/2019\/05\/9C314CBE-5EF6-458E-AF98-90D8E3BFA41E-224x300.jpeg\" alt=\"\" width=\"224\" height=\"300\" \/><\/span><\/span><\/p>\n<p><span class=\"s4\"><span class=\"bumpedFont15\">N<\/span><\/span><span class=\"s4\"><span class=\"bumpedFont15\">\u00eb<\/span><\/span><span class=\"s4\"><span class=\"bumpedFont15\"> or<\/span><\/span><span class=\"s4\"><span class=\"bumpedFont15\">\u00eb<\/span><\/span><span class=\"s4\"><span class=\"bumpedFont15\">n 12.00 vazhdoi ora letrare n<\/span><\/span><span class=\"s4\"><span class=\"bumpedFont15\">\u00eb<\/span><\/span><span class=\"s4\"><span class=\"bumpedFont15\"> Junik, nd<\/span><\/span><span class=\"s4\"><span class=\"bumpedFont15\">\u00eb<\/span><\/span><span class=\"s4\"><span class=\"bumpedFont15\">rsa n<\/span><\/span><span class=\"s4\"><span class=\"bumpedFont15\">\u00eb<\/span><\/span><span class=\"s4\"><span class=\"bumpedFont15\"> or<\/span><\/span><span class=\"s4\"><span class=\"bumpedFont15\">\u00eb<\/span><\/span><span class=\"s4\"><span class=\"bumpedFont15\">n 13.30 ishte nj<\/span><\/span><span class=\"s4\"><span class=\"bumpedFont15\">\u00eb<\/span><\/span><span class=\"s4\"><span class=\"bumpedFont15\"> tjet<\/span><\/span><span class=\"s4\"><span class=\"bumpedFont15\">\u00eb<\/span><\/span><span class=\"s4\"><span class=\"bumpedFont15\">r or<\/span><\/span><span class=\"s4\"><span class=\"bumpedFont15\">\u00eb<\/span><\/span><span class=\"s4\"><span class=\"bumpedFont15\"> letrare n<\/span><\/span><span class=\"s4\"><span class=\"bumpedFont15\">\u00eb<\/span><\/span><span class=\"s4\"><span class=\"bumpedFont15\"> Fakultetin Filologjik para student<\/span><\/span><span class=\"s4\"><span class=\"bumpedFont15\">\u00eb<\/span><\/span><span class=\"s4\"><span class=\"bumpedFont15\">ve t<\/span><\/span><span class=\"s4\"><span class=\"bumpedFont15\">\u00eb<\/span><\/span><span class=\"s4\"><span class=\"bumpedFont15\"> let<\/span><\/span><span class=\"s4\"><span class=\"bumpedFont15\">\u00eb<\/span><\/span><span class=\"s4\"><span class=\"bumpedFont15\">rsis<\/span><\/span><span class=\"s4\"><span class=\"bumpedFont15\">\u00eb<\/span><\/span><span class=\"s4\"><span class=\"bumpedFont15\">, ku u zhvillua nj<\/span><\/span><span class=\"s4\"><span class=\"bumpedFont15\">\u00eb<\/span><\/span><span class=\"s4\"><span class=\"bumpedFont15\"> komunikim i <\/span><\/span><span class=\"s4\"><span class=\"bumpedFont15\">nd\u00ebrsjell\u00ebt<\/span><\/span><span class=\"s4\"><span class=\"bumpedFont15\">me poet<\/span><\/span><span class=\"s4\"><span class=\"bumpedFont15\">\u00eb<\/span><\/span><span class=\"s4\"><span class=\"bumpedFont15\">t nd<\/span><\/span><span class=\"s4\"><span class=\"bumpedFont15\">\u00eb<\/span><\/span><span class=\"s4\"><span class=\"bumpedFont15\">rkomb<\/span><\/span><span class=\"s4\"><span class=\"bumpedFont15\">\u00eb<\/span><\/span><span class=\"s4\"><span class=\"bumpedFont15\">tar<\/span><\/span><span class=\"s4\"><span class=\"bumpedFont15\">\u00eb<\/span><\/span><span class=\"s4\"><span class=\"bumpedFont15\"> dhe student<\/span><\/span><span class=\"s4\"><span class=\"bumpedFont15\">\u00eb<\/span><\/span><span class=\"s4\"><span class=\"bumpedFont15\">ve. <\/span><\/span><\/p>\n<p><span class=\"s4\"><span class=\"bumpedFont15\">Mitingu i ruan n<\/span><\/span><span class=\"s4\"><span class=\"bumpedFont15\">\u00eb<\/span><\/span><span class=\"s4\"><span class=\"bumpedFont15\"> tradit<\/span><\/span><span class=\"s4\"><span class=\"bumpedFont15\">\u00eb<\/span><\/span><span class=\"s4\"><span class=\"bumpedFont15\"> debatin p<\/span><\/span><span class=\"s4\"><span class=\"bumpedFont15\">\u00eb<\/span><\/span><span class=\"s4\"><span class=\"bumpedFont15\">r let<\/span><\/span><span class=\"s4\"><span class=\"bumpedFont15\">\u00eb<\/span><\/span><span class=\"s4\"><span class=\"bumpedFont15\">rsin<\/span><\/span><span class=\"s4\"><span class=\"bumpedFont15\">\u00eb<\/span><\/span><span class=\"s4\"><span class=\"bumpedFont15\"> me Tribun<\/span><\/span><span class=\"s4\"><span class=\"bumpedFont15\">\u00eb<\/span><\/span><span class=\"s4\"><span class=\"bumpedFont15\">n letrare, ku u paraqiten me kumtesa Dr. Ibrahim Berisha dhe Flutura <\/span><\/span><span class=\"s4\"><span class=\"bumpedFont15\">A\u00e7ka<\/span><\/span><span class=\"s4\"><span class=\"bumpedFont15\">, me tem<\/span><\/span><span class=\"s4\"><span class=\"bumpedFont15\">\u00eb<\/span><\/span><span class=\"s4\"><span class=\"bumpedFont15\">n \u201cLet<\/span><\/span><span class=\"s4\"><span class=\"bumpedFont15\">\u00eb<\/span><\/span><span class=\"s4\"><span class=\"bumpedFont15\">rsia dhe politikat ndaj saj\u201d. Nj<\/span><\/span><span class=\"s4\"><span class=\"bumpedFont15\">\u00eb<\/span><\/span><span class=\"s4\"><span class=\"bumpedFont15\">debat q<\/span><\/span><span class=\"s4\"><span class=\"bumpedFont15\">\u00eb<\/span><\/span><span class=\"s4\"><span class=\"bumpedFont15\"> solli t<\/span><\/span><span class=\"s4\"><span class=\"bumpedFont15\">\u00eb<\/span><\/span><span class=\"s4\"><span class=\"bumpedFont15\"> dh<\/span><\/span><span class=\"s4\"><span class=\"bumpedFont15\">\u00eb<\/span><\/span><span class=\"s4\"><span class=\"bumpedFont15\">na <\/span><\/span><span class=\"s4\"><span class=\"bumpedFont15\">rr\u00ebqeth\u00ebse<\/span><\/span><span class=\"s4\"><span class=\"bumpedFont15\"> p<\/span><\/span><span class=\"s4\"><span class=\"bumpedFont15\">\u00eb<\/span><\/span><span class=\"s4\"><span class=\"bumpedFont15\">r gjendjen q<\/span><\/span><span class=\"s4\"><span class=\"bumpedFont15\">\u00eb<\/span><\/span><span class=\"s4\"><span class=\"bumpedFont15\"> po e kaplon politika let<\/span><\/span><span class=\"s4\"><span class=\"bumpedFont15\">\u00eb<\/span><\/span><span class=\"s4\"><span class=\"bumpedFont15\">rsin<\/span><\/span><span class=\"s4\"><span class=\"bumpedFont15\">\u00eb<\/span><\/span><span class=\"s4\"><span class=\"bumpedFont15\"> n<\/span><\/span><span class=\"s4\"><span class=\"bumpedFont15\">\u00eb<\/span><\/span><span class=\"s4\"><span class=\"bumpedFont15\"> t<\/span><\/span><span class=\"s4\"><span class=\"bumpedFont15\">\u00eb<\/span><\/span><span class=\"s4\"><span class=\"bumpedFont15\"> gjith<\/span><\/span><span class=\"s4\"><span class=\"bumpedFont15\">\u00eb<\/span><\/span> <span class=\"s4\"><span class=\"bumpedFont15\">kufijt\u00eb<\/span><\/span><span class=\"s4\"><span class=\"bumpedFont15\"> shqiptar<\/span><\/span><span class=\"s4\"><span class=\"bumpedFont15\">\u00eb<\/span><\/span><span class=\"s4\"><span class=\"bumpedFont15\">. <\/span><\/span><\/p>\n<p><span class=\"s4\"><span class=\"bumpedFont15\">Ora Qendrore e Mitingut n<\/span><\/span><span class=\"s4\"><span class=\"bumpedFont15\">\u00eb<\/span><\/span><span class=\"s4\"><span class=\"bumpedFont15\"> mbr<\/span><\/span><span class=\"s4\"><span class=\"bumpedFont15\">\u00eb<\/span><\/span><span class=\"s4\"><span class=\"bumpedFont15\">mje mblodhi shum<\/span><\/span><span class=\"s4\"><span class=\"bumpedFont15\">\u00eb<\/span><\/span><span class=\"s4\"><span class=\"bumpedFont15\"> poet<\/span><\/span><span class=\"s4\"><span class=\"bumpedFont15\">\u00eb<\/span><\/span><span class=\"s4\"><span class=\"bumpedFont15\"> e q<\/span><\/span><span class=\"s4\"><span class=\"bumpedFont15\">\u00eb<\/span><\/span><span class=\"s4\"><span class=\"bumpedFont15\">lexuan n<\/span><\/span><span class=\"s4\"><span class=\"bumpedFont15\">\u00eb<\/span><\/span> <span class=\"s4\"><span class=\"bumpedFont15\">konkurrenc\u00eb<\/span><\/span><span class=\"s4\"><span class=\"bumpedFont15\"> p<\/span><\/span><span class=\"s4\"><span class=\"bumpedFont15\">\u00eb<\/span><\/span><span class=\"s4\"><span class=\"bumpedFont15\">r \u00e7mimin poezia m<\/span><\/span><span class=\"s4\"><span class=\"bumpedFont15\">\u00eb<\/span><\/span><span class=\"s4\"><span class=\"bumpedFont15\"> e mir<\/span><\/span><span class=\"s4\"><span class=\"bumpedFont15\">\u00eb<\/span><\/span><span class=\"s4\"><span class=\"bumpedFont15\"> e lexuar gjat<\/span><\/span><span class=\"s4\"><span class=\"bumpedFont15\">\u00eb<\/span><\/span><span class=\"s4\"><span class=\"bumpedFont15\"> mbr<\/span><\/span><span class=\"s4\"><span class=\"bumpedFont15\">\u00eb<\/span><\/span><span class=\"s4\"><span class=\"bumpedFont15\">mjes, me emrin <\/span><\/span><span class=\"s4\"><span class=\"bumpedFont15\">Ali<\/span><\/span> <span class=\"s4\"><span class=\"bumpedFont15\">Podrimja<\/span><\/span><span class=\"s4\"><span class=\"bumpedFont15\">. Me k<\/span><\/span><span class=\"s4\"><span class=\"bumpedFont15\">\u00eb<\/span><\/span><span class=\"s4\"><span class=\"bumpedFont15\">t<\/span><\/span><span class=\"s4\"><span class=\"bumpedFont15\">\u00eb<\/span><\/span><span class=\"s4\"><span class=\"bumpedFont15\"> rast, juria e p<\/span><\/span><span class=\"s4\"><span class=\"bumpedFont15\">\u00eb<\/span><\/span><span class=\"s4\"><span class=\"bumpedFont15\">rb<\/span><\/span><span class=\"s4\"><span class=\"bumpedFont15\">\u00eb<\/span><\/span><span class=\"s4\"><span class=\"bumpedFont15\">r<\/span><\/span><span class=\"s4\"><span class=\"bumpedFont15\">\u00eb<\/span><\/span><span class=\"s4\"><span class=\"bumpedFont15\"> nga Dr. Jeton Kelmendi, <\/span><\/span><span class=\"s4\"><span class=\"bumpedFont15\">Migena<\/span><\/span> <span class=\"s4\"><span class=\"bumpedFont15\">Arllati<\/span><\/span><span class=\"s4\"><span class=\"bumpedFont15\"> e Engj<\/span><\/span><span class=\"s4\"><span class=\"bumpedFont15\">\u00eb<\/span><\/span><span class=\"s4\"><span class=\"bumpedFont15\">ll I. Berisha, shpalli poezin<\/span><\/span><span class=\"s4\"><span class=\"bumpedFont15\">\u00eb<\/span><\/span><span class=\"s4\"><span class=\"bumpedFont15\"> \u201cGri\u201d t<\/span><\/span><span class=\"s4\"><span class=\"bumpedFont15\">\u00eb<\/span><\/span> <span class=\"s4\"><span class=\"bumpedFont15\">autores<\/span><\/span><span class=\"s4\"><span class=\"bumpedFont15\"> Flutura <\/span><\/span><span class=\"s4\"><span class=\"bumpedFont15\">A\u00e7ka<\/span><\/span><span class=\"s4\"><span class=\"bumpedFont15\">. Nd<\/span><\/span><span class=\"s4\"><span class=\"bumpedFont15\">\u00eb<\/span><\/span><span class=\"s4\"><span class=\"bumpedFont15\">rsa poezia me \u00e7mimin \u201cYllka Domi\u201d e<\/span><\/span><span class=\"s4\"><span class=\"bumpedFont15\"> q\u00eb i ndahet poetes, fem\u00ebr, debutuese<\/span><\/span><span class=\"s4\"><span class=\"bumpedFont15\">, e mori poetja Shqipe <\/span><\/span><span class=\"s4\"><span class=\"bumpedFont15\">Bytyqi<\/span><\/span><span class=\"s4\"><span class=\"bumpedFont15\"> nga diaspora.<\/span><\/span><\/p>\n<p><span class=\"s4\"><span class=\"bumpedFont15\">\u00c7mimin p<\/span><\/span><span class=\"s4\"><span class=\"bumpedFont15\">\u00eb<\/span><\/span><span class=\"s4\"><span class=\"bumpedFont15\">r <\/span><\/span><span class=\"s4\"><span class=\"bumpedFont15\">pjes\u00ebmarr\u00ebs<\/span><\/span><span class=\"s4\"><span class=\"bumpedFont15\"> me emblem<\/span><\/span><span class=\"s4\"><span class=\"bumpedFont15\">\u00eb<\/span><\/span><span class=\"s4\"><span class=\"bumpedFont15\">n \u201cN<\/span><\/span><span class=\"s4\"><span class=\"bumpedFont15\">\u00eb<\/span><\/span><span class=\"s4\"><span class=\"bumpedFont15\">n<\/span><\/span><span class=\"s4\"><span class=\"bumpedFont15\">\u00eb<\/span><\/span><span class=\"s4\"><span class=\"bumpedFont15\"> Tereza\u201d nga Komuna e Gjakov<\/span><\/span><span class=\"s4\"><span class=\"bumpedFont15\">\u00eb<\/span><\/span><span class=\"s4\"><span class=\"bumpedFont15\">s, iu nda poetit nga Argjentina <\/span><\/span><span class=\"s4\"><span class=\"bumpedFont15\">Ricardo<\/span><\/span><span class=\"s4\"><span class=\"bumpedFont15\">Rubio<\/span><\/span><span class=\"s4\"><span class=\"bumpedFont15\">, nd<\/span><\/span><span class=\"s4\"><span class=\"bumpedFont15\">\u00eb<\/span><\/span><span class=\"s4\"><span class=\"bumpedFont15\">rsa <\/span><\/span><span class=\"s4\"><span class=\"bumpedFont15\">Maria<\/span><\/span> <span class=\"s4\"><span class=\"bumpedFont15\">Barroso<\/span><\/span> <span class=\"s4\"><span class=\"bumpedFont15\">mori \u00e7mimin \u201cLutja e N<\/span><\/span><span class=\"s4\"><span class=\"bumpedFont15\">\u00eb<\/span><\/span><span class=\"s4\"><span class=\"bumpedFont15\">n<\/span><\/span><span class=\"s4\"><span class=\"bumpedFont15\">\u00eb<\/span><\/span><span class=\"s4\"><span class=\"bumpedFont15\">\u00a0<\/span><\/span><span class=\"s4\"><span class=\"bumpedFont15\">Terezes<\/span><\/span><span class=\"s4\"><span class=\"bumpedFont15\">\u201d <\/span><\/span><span class=\"s4\"><span class=\"bumpedFont15\">dhe Laura <\/span><\/span><span class=\"s4\"><span class=\"bumpedFont15\">Garavglia<\/span><\/span><span class=\"s4\"><span class=\"bumpedFont15\"> mor<\/span><\/span><span class=\"s4\"><span class=\"bumpedFont15\">i \u00e7mimin \u201cJubilet<\/span><\/span><span class=\"s4\"><span class=\"bumpedFont15\">\u00eb<\/span><\/span><span class=\"s4\"><span class=\"bumpedFont15\"> e Mitingut\u201d \u00a0.<\/span><\/span><\/p>\n<p><span class=\"s4\"><span class=\"bumpedFont15\">Nj<\/span><\/span><span class=\"s4\"><span class=\"bumpedFont15\">\u00eb<\/span><\/span><span class=\"s4\"><span class=\"bumpedFont15\"> \u00e7mim q<\/span><\/span><span class=\"s4\"><span class=\"bumpedFont15\">\u00eb<\/span><\/span><span class=\"s4\"><span class=\"bumpedFont15\"> ruhet p<\/span><\/span><span class=\"s4\"><span class=\"bumpedFont15\">\u00eb<\/span><\/span><span class=\"s4\"><span class=\"bumpedFont15\">r koh<\/span><\/span><span class=\"s4\"><span class=\"bumpedFont15\">\u00eb<\/span><\/span><span class=\"s4\"><span class=\"bumpedFont15\">n m<\/span><\/span><span class=\"s4\"><span class=\"bumpedFont15\">\u00eb<\/span><\/span><span class=\"s4\"><span class=\"bumpedFont15\"> t<\/span><\/span><span class=\"s4\"><span class=\"bumpedFont15\">\u00eb<\/span><\/span><span class=\"s4\"><span class=\"bumpedFont15\"> gjat<\/span><\/span><span class=\"s4\"><span class=\"bumpedFont15\">\u00eb<\/span><\/span><span class=\"s4\"><span class=\"bumpedFont15\">, e q<\/span><\/span><span class=\"s4\"><span class=\"bumpedFont15\">\u00eb<\/span><\/span><span class=\"s4\"><span class=\"bumpedFont15\"> Mitingu stimulon poet<\/span><\/span><span class=\"s4\"><span class=\"bumpedFont15\">\u00eb<\/span><\/span><span class=\"s4\"><span class=\"bumpedFont15\">t me shp<\/span><\/span><span class=\"s4\"><span class=\"bumpedFont15\">\u00eb<\/span><\/span><span class=\"s4\"><span class=\"bumpedFont15\">rblim, <\/span><\/span><span class=\"s4\"><span class=\"bumpedFont15\">\u00eb<\/span><\/span><span class=\"s4\"><span class=\"bumpedFont15\">sht<\/span><\/span><span class=\"s4\"><span class=\"bumpedFont15\">\u00eb<\/span><\/span><span class=\"s4\"><span class=\"bumpedFont15\"> p<\/span><\/span><span class=\"s4\"><span class=\"bumpedFont15\">\u00eb<\/span><\/span><span class=\"s4\"><span class=\"bumpedFont15\">r librin m<\/span><\/span><span class=\"s4\"><span class=\"bumpedFont15\">\u00eb<\/span><\/span><span class=\"s4\"><span class=\"bumpedFont15\"> t<\/span><\/span><span class=\"s4\"><span class=\"bumpedFont15\">\u00eb<\/span><\/span><span class=\"s4\"><span class=\"bumpedFont15\"> mir<\/span><\/span><span class=\"s4\"><span class=\"bumpedFont15\">\u00eb<\/span><\/span><span class=\"s4\"><span class=\"bumpedFont15\"> me poezi t<\/span><\/span><span class=\"s4\"><span class=\"bumpedFont15\">\u00eb<\/span><\/span><span class=\"s4\"><span class=\"bumpedFont15\">botuar n<\/span><\/span><span class=\"s4\"><span class=\"bumpedFont15\">\u00eb<\/span><\/span><span class=\"s4\"><span class=\"bumpedFont15\"> mes dy <\/span><\/span><span class=\"s4\"><span class=\"bumpedFont15\">mitingjeve<\/span><\/span><span class=\"s4\"><span class=\"bumpedFont15\">, ku k<\/span><\/span><span class=\"s4\"><span class=\"bumpedFont15\">\u00eb<\/span><\/span><span class=\"s4\"><span class=\"bumpedFont15\">t<\/span><\/span><span class=\"s4\"><span class=\"bumpedFont15\">\u00eb<\/span><\/span><span class=\"s4\"><span class=\"bumpedFont15\"> vit juria e p<\/span><\/span><span class=\"s4\"><span class=\"bumpedFont15\">\u00eb<\/span><\/span><span class=\"s4\"><span class=\"bumpedFont15\">rb<\/span><\/span><span class=\"s4\"><span class=\"bumpedFont15\">\u00eb<\/span><\/span><span class=\"s4\"><span class=\"bumpedFont15\">r<\/span><\/span><span class=\"s4\"><span class=\"bumpedFont15\">\u00eb<\/span><\/span><span class=\"s4\"><span class=\"bumpedFont15\"> nga Ramadan <\/span><\/span><span class=\"s4\"><span class=\"bumpedFont15\">Musliu<\/span><\/span><span class=\"s4\"><span class=\"bumpedFont15\">, Vjollca Kuqi e <\/span><\/span><span class=\"s4\"><span class=\"bumpedFont15\">Muharrem<\/span><\/span> <span class=\"s4\"><span class=\"bumpedFont15\">Kurti<\/span><\/span><span class=\"s4\"><span class=\"bumpedFont15\">, e ndan<\/span><\/span><span class=\"s4\"><span class=\"bumpedFont15\">\u00eb<\/span><\/span><span class=\"s4\"><span class=\"bumpedFont15\">mendimin unanim p<\/span><\/span><span class=\"s4\"><span class=\"bumpedFont15\">\u00eb<\/span><\/span><span class=\"s4\"><span class=\"bumpedFont15\">r librin poetik \u201c<\/span><\/span><span class=\"s4\"><span class=\"bumpedFont15\">Vitet q\u00eb nuk e soll\u00ebn <\/span><\/span><span class=\"s4\"><span class=\"bumpedFont15\">pranveren<\/span><\/span><span class=\"s4\"><span class=\"bumpedFont15\">\u201d t<\/span><\/span><span class=\"s4\"><span class=\"bumpedFont15\">\u00eb<\/span><\/span><span class=\"s4\"><span class=\"bumpedFont15\"> autorit <\/span><\/span><span class=\"s4\"><span class=\"bumpedFont15\">Xhevdet<\/span><\/span> <span class=\"s4\"><span class=\"bumpedFont15\">Bajraj<\/span><\/span><span class=\"s4\"><span class=\"bumpedFont15\">, ku jeton e punon n<\/span><\/span><span class=\"s4\"><span class=\"bumpedFont15\">\u00eb<\/span><\/span><span class=\"s4\"><span class=\"bumpedFont15\">Universitetin e Meksik<\/span><\/span><span class=\"s4\"><span class=\"bumpedFont15\">\u00eb<\/span><\/span><span class=\"s4\"><span class=\"bumpedFont15\">s. \u00a0Dhe, \u00e7mimin jubilar t<\/span><\/span><span class=\"s4\"><span class=\"bumpedFont15\">\u00eb<\/span><\/span><span class=\"s4\"><span class=\"bumpedFont15\"> themeluar viteve t<\/span><\/span><span class=\"s4\"><span class=\"bumpedFont15\">\u00eb<\/span><\/span><span class=\"s4\"><span class=\"bumpedFont15\"> fundit e fitoi krijuesi Sk<\/span><\/span><span class=\"s4\"><span class=\"bumpedFont15\">\u00eb<\/span><\/span><span class=\"s4\"><span class=\"bumpedFont15\">nder <\/span><\/span><span class=\"s4\"><span class=\"bumpedFont15\">Bu\u00e7papaj<\/span><\/span><span class=\"s4\"><span class=\"bumpedFont15\">.<\/span><\/span><span class=\"s4\"><span class=\"bumpedFont15\"> Nd\u00ebrsa me mir\u00ebnjohjen post <\/span><\/span><span class=\"s4\"><span class=\"bumpedFont15\">mortum<\/span><\/span><span class=\"s4\"><span class=\"bumpedFont15\"> p\u00ebr kontribut t\u00eb mitingjeve iu nda poetit t\u00eb ndjer\u00eb <\/span><\/span><span class=\"s4\"><span class=\"bumpedFont15\">Basri<\/span><\/span> <span class=\"s4\"><span class=\"bumpedFont15\">\u00c7apriqi<\/span><\/span><span class=\"s4\"><span class=\"bumpedFont15\">.\u00a0<img decoding=\"async\" class=\"alignnone size-medium wp-image-1267\" src=\"https:\/\/www.iwabogdani.org\/wp-content\/uploads\/2019\/05\/40ED6EFD-C809-4538-A90A-2A2ABFEF9E88-225x300.jpeg\" alt=\"\" width=\"225\" height=\"300\" \/><\/span><\/span><\/p>\n<p><span class=\"s4\"><span class=\"bumpedFont15\">Sipas v<\/span><\/span><span class=\"s4\"><span class=\"bumpedFont15\">\u00eb<\/span><\/span><span class=\"s4\"><span class=\"bumpedFont15\">shtrimeve t<\/span><\/span><span class=\"s4\"><span class=\"bumpedFont15\">\u00eb<\/span><\/span> <span class=\"s4\"><span class=\"bumpedFont15\">pjes\u00ebmarr\u00ebsve<\/span><\/span><span class=\"s4\"><span class=\"bumpedFont15\">, mitingu i k<\/span><\/span><span class=\"s4\"><span class=\"bumpedFont15\">\u00eb<\/span><\/span><span class=\"s4\"><span class=\"bumpedFont15\">tij viti, kaloi pritjet e organizator<\/span><\/span><span class=\"s4\"><span class=\"bumpedFont15\">\u00eb<\/span><\/span><span class=\"s4\"><span class=\"bumpedFont15\">ve dhe t<\/span><\/span><span class=\"s4\"><span class=\"bumpedFont15\">\u00eb<\/span><\/span><span class=\"s4\"><span class=\"bumpedFont15\"> publikut, pasi q<\/span><\/span><span class=\"s4\"><span class=\"bumpedFont15\">\u00eb<\/span><\/span><span class=\"s4\"><span class=\"bumpedFont15\"> me kaq shum<\/span><\/span><span class=\"s4\"><span class=\"bumpedFont15\">\u00eb<\/span><\/span><span class=\"s4\"><span class=\"bumpedFont15\">aktivitete, promovime e <\/span><\/span><span class=\"s4\"><span class=\"bumpedFont15\">pjes\u00ebmarrje<\/span><\/span><span class=\"s4\"><span class=\"bumpedFont15\"> t<\/span><\/span><span class=\"s4\"><span class=\"bumpedFont15\">\u00eb<\/span><\/span><span class=\"s4\"><span class=\"bumpedFont15\"> aq shum<\/span><\/span><span class=\"s4\"><span class=\"bumpedFont15\">\u00eb<\/span><\/span> <span class=\"s4\"><span class=\"bumpedFont15\">k<\/span><\/span><span class=\"s4\"><span class=\"bumpedFont15\">rijuesve me renome, si dhe nd<\/span><\/span><span class=\"s4\"><span class=\"bumpedFont15\">\u00eb<\/span><\/span><span class=\"s4\"><span class=\"bumpedFont15\">rkomb<\/span><\/span><span class=\"s4\"><span class=\"bumpedFont15\">\u00eb<\/span><\/span><span class=\"s4\"><span class=\"bumpedFont15\">tare, Gjakov<\/span><\/span><span class=\"s4\"><span class=\"bumpedFont15\">\u00eb<\/span><\/span><span class=\"s4\"><span class=\"bumpedFont15\">n e ktheu n<\/span><\/span><span class=\"s4\"><span class=\"bumpedFont15\">\u00eb<\/span><\/span><span class=\"s4\"><span class=\"bumpedFont15\"> dit<\/span><\/span><span class=\"s4\"><span class=\"bumpedFont15\">\u00eb<\/span><\/span><span class=\"s4\"><span class=\"bumpedFont15\">t e festes poetike, sikur e kishte nisur dikur Din Mehmeti me shum<\/span><\/span><span class=\"s4\"><span class=\"bumpedFont15\">\u00eb<\/span><\/span><span class=\"s4\"><span class=\"bumpedFont15\">poet<\/span><\/span><span class=\"s4\"><span class=\"bumpedFont15\">\u00eb<\/span><\/span><span class=\"s4\"><span class=\"bumpedFont15\"> t<\/span><\/span><span class=\"s4\"><span class=\"bumpedFont15\">\u00eb<\/span><\/span><span class=\"s4\"><span class=\"bumpedFont15\"> tjer<\/span><\/span><span class=\"s4\"><span class=\"bumpedFont15\">\u00eb<\/span><\/span><span class=\"s4\"><span class=\"bumpedFont15\">. <\/span><\/span><\/p>\n<p>&nbsp;<\/p>","protected":false},"excerpt":{"rendered":"<p>MITINGU I 55 I POEZIS\u00cb N\u00cb GJAKOV\u00cb \u00a0DHE TRADITA Q\u00cb VAZHDON Shum\u00eb \u00e7mime, promovime, debat p\u00ebr let\u00ebrsin\u00eb e poet\u00eb nd\u00ebrkomb\u00ebtare dhe vler\u00eb e lart e poezis\u00eb Tradita e k\u00ebtij festivali ka nisur n\u00eb Gjakov\u00eb n\u00eb muajin maj t\u00ebvitit 1964, dhe prap\u00eb u kthye n\u00eb muajin e vet\u00eb me shum\u00eb poet\u00eb, nd\u00ebrkomb\u00ebtar\u00eb dhe m\u00eb shum\u00eb \u00e7mime [&hellip;]<\/p>","protected":false},"author":1,"featured_media":1269,"comment_status":"open","ping_status":"open","sticky":false,"template":"","format":"standard","meta":{"_exactmetrics_skip_tracking":false,"_exactmetrics_sitenote_active":false,"_exactmetrics_sitenote_note":"","_exactmetrics_sitenote_category":0,"footnotes":""},"categories":[166],"tags":[],"book_author":[],"book_publisher":[],"acf":[],"_links":{"self":[{"href":"https:\/\/www.iwabogdani.org\/sq\/wp-json\/wp\/v2\/posts\/3119"}],"collection":[{"href":"https:\/\/www.iwabogdani.org\/sq\/wp-json\/wp\/v2\/posts"}],"about":[{"href":"https:\/\/www.iwabogdani.org\/sq\/wp-json\/wp\/v2\/types\/post"}],"author":[{"embeddable":true,"href":"https:\/\/www.iwabogdani.org\/sq\/wp-json\/wp\/v2\/users\/1"}],"replies":[{"embeddable":true,"href":"https:\/\/www.iwabogdani.org\/sq\/wp-json\/wp\/v2\/comments?post=3119"}],"version-history":[{"count":0,"href":"https:\/\/www.iwabogdani.org\/sq\/wp-json\/wp\/v2\/posts\/3119\/revisions"}],"wp:featuredmedia":[{"embeddable":true,"href":"https:\/\/www.iwabogdani.org\/sq\/wp-json\/"}],"wp:attachment":[{"href":"https:\/\/www.iwabogdani.org\/sq\/wp-json\/wp\/v2\/media?parent=3119"}],"wp:term":[{"taxonomy":"category","embeddable":true,"href":"https:\/\/www.iwabogdani.org\/sq\/wp-json\/wp\/v2\/categories?post=3119"},{"taxonomy":"post_tag","embeddable":true,"href":"https:\/\/www.iwabogdani.org\/sq\/wp-json\/wp\/v2\/tags?post=3119"},{"taxonomy":"book_author","embeddable":true,"href":"https:\/\/www.iwabogdani.org\/sq\/wp-json\/wp\/v2\/book_author?post=3119"},{"taxonomy":"book_publisher","embeddable":true,"href":"https:\/\/www.iwabogdani.org\/sq\/wp-json\/wp\/v2\/book_publisher?post=3119"}],"curies":[{"name":"wp","href":"https:\/\/api.w.org\/{rel}","templated":true}]}}