{"id":3120,"date":"2019-05-15T10:52:14","date_gmt":"2019-05-15T10:52:14","guid":{"rendered":"http:\/\/www.iwabogdani.org\/?p=1271"},"modified":"2019-05-15T10:52:14","modified_gmt":"2019-05-15T10:52:14","slug":"nga-flutura-acka","status":"publish","type":"post","link":"https:\/\/www.iwabogdani.org\/sq\/nga-flutura-acka\/","title":{"rendered":"Nga Flutura A\u00e7ka"},"content":{"rendered":"<p>Faleminderit Gjakov\u00eb, q\u00eb m\u00eb takove me Ali Podrimja<\/p>\n<p>Nga Festivali i 55 Poezis\u00eb n\u00eb Gjakov\u00eb, maj 2019<\/p>\n<p>\u201cMos m\u00eb thirr bac\u00eb, m\u00eb p\u00eblqen m\u00eb shum\u00eb me m\u00eb thirr daj\u00eb, bac\u00eb po e thirrke Azemin (Shkrelin)\u201d, m\u00eb tha Ali Podrimja. Ishte si tash, maji i vitit 1997. Nga ajo koh\u00eb mbeti p\u00ebrjet\u00eb daja Ali, prej t\u00eb cilit kam foto q\u00eb m\u2019i ka besuar, nj\u00eb poezi t\u00eb kushtuar t\u00eb shkruar me shkrimin e tij, fatin e p\u00ebrbashk\u00ebt t\u00eb ngat\u00ebrrojm\u00eb ndalesat prej humbjes q\u00eb na ndodhi me bijt\u00eb tan\u00eb, ai linj\u00ebn 16, un\u00eb stacionet trenave, por mbi t\u00eb gjitha kujtimet, kujtimet e pap\u00ebrs\u00ebritshme. Tek e p\u00ebrcillnim at\u00ebher\u00eb me bujt\u00ebsin ton\u00eb, Valdetin, n\u00eb aeroportin e Zyrihut, p\u00ebr t\u2019u kthyer n\u00eb Kosov\u00ebn e trazuar, i pash\u00eb dy rruaza t\u00eb njelm\u00ebta n\u00eb shtjek\u00ebt e syve. Nj\u00ebzet e dy vjet m\u00eb von\u00eb, n\u00eb Gjakov\u00eb marr \u00e7mimin poetik \u201cAli Podrimja\u201d. Nuk do t\u00eb kisha k\u00ebrkuar kurr\u00eb takim m\u00eb t\u00eb bukur me daj\u00ebn, si t\u00eb ishte nj\u00eb pik\u00ebpjekje p\u00ebr nj\u00eb ngush\u00ebllim t\u00eb munguar, t\u00eb tretur n\u00eb koh\u00eb.<br \/>\nFaleminderit miqve t\u00eb mrekulluesh\u00ebm, poet\u00eb dhe shkrimtar\u00eb t\u00eb Gjakov\u00ebs, p\u00ebr kujdesin e vyer, p\u00ebr mbr\u00ebmjen e mrekullueshme dhe mund\u00ebsin\u00eb p\u00ebr t&#8217;u rikthyer s\u00ebrish n\u00eb Gjakov\u00eb: Migena Arllati, Engj\u00ebll I. Berisha, Vjollca Kuqi, Muharrem Kurti, Jeton Kelmendi. Me mir\u00ebnjohje t\u00eb them t\u00eb jem e nderuar nga miqt\u00eb e mi fitues, Sk\u00ebnder Bu\u00e7papaj (fitues i \u00e7mimit t\u00eb karrier\u00ebs) dhe Xhevdet Bajraj (fitues i librit poetik m\u00eb t\u00eb mir\u00eb)\u00a0<img fetchpriority=\"high\" decoding=\"async\" class=\"alignnone size-medium wp-image-1272\" src=\"https:\/\/www.iwabogdani.org\/wp-content\/uploads\/2019\/05\/E313B9EB-1606-411B-9CB5-0547509C8CC3-225x300.jpeg\" alt=\"\" width=\"225\" height=\"300\" \/><\/p>\n<p>Poezia fituese e \u00e7mimit poetik &#8220;Ali Podrimja&#8221;<\/p>\n<p>Gri<\/p>\n<p>Grija bie si t\u00eb fik\u2019t nga lart,<br \/>\nzymti \u00ebsht\u00eb stina e k\u00ebsaj ane t\u00eb bot\u00ebs.<br \/>\nT\u00eb rritur, q\u00eb diellin kan\u00eb harruar,<br \/>\nndryr\u00eb n\u00eb klinka si vizitor\u00eb t\u00eb p\u00ebrkohsh\u00ebm,<br \/>\ne strehojn\u00eb n\u00eb \u00ebndrra, e ruajn\u00eb si lod\u00ebr.<br \/>\nSytrembur k\u00ebqyrin f\u00ebmij\u00ebn,<br \/>\nq\u00eb z\u00ebn\u00eb n\u00eb kurthin e loj\u00ebs s\u00eb t\u00eb rriturve,<br \/>\nshp\u00ebrfill yshtjen e mosh\u00ebs.<br \/>\nAh, f\u00ebmi, i thon\u00eb,<br \/>\n\u00e7\u2019k\u00ebrkon k\u00ebtu?,<br \/>\nka koh\u00eb p\u00ebr andrralla, si tonat.<br \/>\nPor f\u00ebmija, nuk \u00ebsht\u00eb f\u00ebmij\u00eb,<br \/>\ndhe rritur para kohe,<br \/>\nl\u00eb mjek\u00ebr t\u00eb duket i vjet\u00ebr,<br \/>\nq\u00eb ta lejojn\u00eb t\u00eb hyj\u00eb,<br \/>\nn\u00eb \u00e7arjen ku e pret nj\u00eb kulshed\u00ebr,<br \/>\nq\u00eb p\u00ebrgjon lot\u00ebt e tij.<br \/>\nKa vendosur t\u00eb mos epet,<br \/>\npoker t\u00eb mos luaj\u00eb me t\u00eb,<br \/>\nt\u00eb mos ankohet e t\u00eb l\u00ebngoj\u00eb n\u00eb shtret\u00ebr,<br \/>\nt\u00eb mos l\u00ebr hije n\u00eb kanavac\u00ebn e murit,<br \/>\nq\u00eb nga bardh\u00ebsia nxin.<br \/>\nNgrihet n\u00eb k\u00ebmb\u00eb dhe ec\u00ebn kah porta,<br \/>\ndrejt, si qiri i bardh\u00eb,<br \/>\nsi mal l\u00ebviz i gjall\u00eb,<br \/>\nme diellin n\u00eb zem\u00ebr,<br \/>\nshkon flegr\u00ebs q\u00eb e \u00e7on n\u00eb Askundtjet\u00ebr.<\/p>","protected":false},"excerpt":{"rendered":"<p>Faleminderit Gjakov\u00eb, q\u00eb m\u00eb takove me Ali Podrimja Nga Festivali i 55 Poezis\u00eb n\u00eb Gjakov\u00eb, maj 2019 \u201cMos m\u00eb thirr bac\u00eb, m\u00eb p\u00eblqen m\u00eb shum\u00eb me m\u00eb thirr daj\u00eb, bac\u00eb po e thirrke Azemin (Shkrelin)\u201d, m\u00eb tha Ali Podrimja. Ishte si tash, maji i vitit 1997. Nga ajo koh\u00eb mbeti p\u00ebrjet\u00eb daja Ali, prej t\u00eb [&hellip;]<\/p>","protected":false},"author":1,"featured_media":1273,"comment_status":"open","ping_status":"open","sticky":false,"template":"","format":"standard","meta":{"_exactmetrics_skip_tracking":false,"_exactmetrics_sitenote_active":false,"_exactmetrics_sitenote_note":"","_exactmetrics_sitenote_category":0,"footnotes":""},"categories":[166],"tags":[],"book_author":[],"book_publisher":[],"acf":[],"_links":{"self":[{"href":"https:\/\/www.iwabogdani.org\/sq\/wp-json\/wp\/v2\/posts\/3120"}],"collection":[{"href":"https:\/\/www.iwabogdani.org\/sq\/wp-json\/wp\/v2\/posts"}],"about":[{"href":"https:\/\/www.iwabogdani.org\/sq\/wp-json\/wp\/v2\/types\/post"}],"author":[{"embeddable":true,"href":"https:\/\/www.iwabogdani.org\/sq\/wp-json\/wp\/v2\/users\/1"}],"replies":[{"embeddable":true,"href":"https:\/\/www.iwabogdani.org\/sq\/wp-json\/wp\/v2\/comments?post=3120"}],"version-history":[{"count":0,"href":"https:\/\/www.iwabogdani.org\/sq\/wp-json\/wp\/v2\/posts\/3120\/revisions"}],"wp:featuredmedia":[{"embeddable":true,"href":"https:\/\/www.iwabogdani.org\/sq\/wp-json\/"}],"wp:attachment":[{"href":"https:\/\/www.iwabogdani.org\/sq\/wp-json\/wp\/v2\/media?parent=3120"}],"wp:term":[{"taxonomy":"category","embeddable":true,"href":"https:\/\/www.iwabogdani.org\/sq\/wp-json\/wp\/v2\/categories?post=3120"},{"taxonomy":"post_tag","embeddable":true,"href":"https:\/\/www.iwabogdani.org\/sq\/wp-json\/wp\/v2\/tags?post=3120"},{"taxonomy":"book_author","embeddable":true,"href":"https:\/\/www.iwabogdani.org\/sq\/wp-json\/wp\/v2\/book_author?post=3120"},{"taxonomy":"book_publisher","embeddable":true,"href":"https:\/\/www.iwabogdani.org\/sq\/wp-json\/wp\/v2\/book_publisher?post=3120"}],"curies":[{"name":"wp","href":"https:\/\/api.w.org\/{rel}","templated":true}]}}