{"id":3122,"date":"2019-05-23T18:49:49","date_gmt":"2019-05-23T18:49:49","guid":{"rendered":"http:\/\/www.iwabogdani.org\/?p=1284"},"modified":"2019-05-23T18:49:49","modified_gmt":"2019-05-23T18:49:49","slug":"poeti-i-paqes-nobelisti-ernesto-kaha-sot-ishte-per-vizite-ne-gjakove","status":"publish","type":"post","link":"https:\/\/www.iwabogdani.org\/sq\/poeti-i-paqes-nobelisti-ernesto-kaha-sot-ishte-per-vizite-ne-gjakove\/","title":{"rendered":"Poeti i paqes, nobelisti Ernesto Kahan sot ishte p\u00ebr vizit\u00eb n\u00eb Gjakov\u00eb"},"content":{"rendered":"<h1 class=\"title-article title-slide\">IWA Bogdani<\/h1>\n<div class=\"row\">\n<div class=\"col-xs-12 col-sm-8\">\n<div class=\"row\">\n<div class=\"col-xs-12\">\n<div class=\"article-detail\">\n<div class=\"desc\">\n<p><strong>Nobelisti p\u00ebr paqe, izraelito-argjentinasi, Ernesto Kahan, poet dhe humanist, n\u00eb nj\u00eb vizit\u00eb q\u00eb po i b\u00ebn Kosov\u00ebs, ku edhe do t\u00eb shpallet doktor Honoris Kausa n\u00eb Universitetit AAB, sot vizitoi Klubin letrar \u201cGjon Nikoll\u00eb Kazazi\u201d n\u00eb Gjakov\u00eb. Me k\u00ebt\u00eb rast, iu promovua libri me poezi, \u201cPakti im testament\u201d, i botuar nga IWA \u201cBogdani\u201d, si dhe b\u00ebri nj\u00eb bashk\u00ebbisedim me qytetar\u00ebt e Gjakov\u00ebs, duke evokuar paralelet e luft\u00ebs nga koha e hebrenjve dhe rasti m\u00eb i fundit i luft\u00ebs n\u00eb Kosov\u00eb.<\/strong><\/p>\n<p>Klubi letrar, e kishte p\u00ebr nder ta priste k\u00ebt\u00eb poet e humanist, pasi q\u00eb n\u00eb vitin 1985, ishte laureat i \u00e7mimit p\u00ebr paqe, duke luftuar kund\u00ebr arm\u00ebve nukleare. Erneste Kahan, \u00ebsht\u00eb mjek n\u00eb pension, por, ka nj\u00eb renome t\u00eb bujshme t\u00eb aktivitetit t\u00eb tij, si mjek, profesor i mjek\u00ebsis\u00eb n\u00eb disa universitete t\u00eb bot\u00ebs, prej nga edhe e merr \u00e7mimin Nobel. Biografia e tij, jep p\u00ebrmas\u00ebn e nj\u00eb njeriu, emrin e t\u00eb cilit e ruan kujtesa e bot\u00ebs, poliglot me shum\u00eb gjuh\u00eb t\u00eb njohura, por, ai kudo esenc\u00ebn e tij e shpjegon n\u00eb dashurin\u00eb ndaj njeriut, pa diferenca q\u00eb sot po rriten deri n\u00eb k\u00ebrc\u00ebnim serioz t\u00eb njeriut, thuhet n\u00eb biografin\u00eb e tij.<\/p>\n<figure class=\"wp-block-image\"><img decoding=\"async\" class=\"wp-image-110148\" src=\"https:\/\/www.kultplus.com\/wp-content\/uploads\/2019\/05\/fg.jpg\" sizes=\"(max-width: 960px) 100vw, 960px\" srcset=\"https:\/\/www.kultplus.com\/wp-content\/uploads\/2019\/05\/fg.jpg 960w, https:\/\/www.kultplus.com\/wp-content\/uploads\/2019\/05\/fg-300x225.jpg 300w, https:\/\/www.kultplus.com\/wp-content\/uploads\/2019\/05\/fg-768x576.jpg 768w, https:\/\/www.kultplus.com\/wp-content\/uploads\/2019\/05\/fg-215x161.jpg 215w\" alt=\"\" \/><\/figure>\n<p>N\u00eb em\u00ebr t\u00eb Klubit letrar \u201cGj.N.Kazazi\u201d, foli kryetari, Muharrem Kurtaj e Agim Byci, duke e konsideruar se ky \u00ebsht\u00eb nderi m\u00eb i madh q\u00eb po b\u00ebhet klubit letrar, por edhe popullit ton\u00eb n\u00eb t\u00ebr\u00ebsi. Nd\u00ebrsa me nj\u00eb fjal\u00eb p\u00ebrsh\u00ebndet\u00ebse dhe me mir\u00ebnjohje e shp\u00ebrbleu kryetari i Asambles\u00eb n\u00eb Komun\u00ebn e Gjakov\u00ebs, Anton Shala. Nd\u00ebr t\u00eb tjera, prof. Jeton Kelmendi, shoq\u00ebrues dhe botues i librit me poezi, dha nj\u00eb pasqyr\u00eb biografike t\u00eb tij, nd\u00ebrsa e njohu humanistin me gjenetik\u00ebn dhe historikun e k\u00ebtij populli, me shum\u00eb ngjashm\u00ebri me fatin e hebrenjve, duke shpjeguar se ju hebreut keni dh\u00ebn\u00eb m\u00ebsim se si duhet ndjekur fatin e vet secili popull, deri n\u00eb fitore.<\/p>\n<p>Redaktori i librit \u201cPakti im testament\u201d, krijuesi Engj\u00ebll I. Berisha, n\u00eb recensionin q\u00eb i b\u00ebri k\u00ebsaj vepre theksoi<em>\u201d<\/em><em>\u00a0 <\/em><em>Libri kap\u00eb shum\u00eb tema, Tel Avivi, Aushvicin, dhomat e gazit, Holokaustin, Sirin\u00eb, vende e ngjarje, si dhe popuj, pa i ndar\u00eb n\u00eb kontinente as prejardhje, por, gjithnj\u00eb konfrontohet me simbioz\u00ebn e besimit e t\u00eb nd\u00ebrgjegjes. Gjendja psikologjike e p\u00ebrmas\u00ebs,\u00a0 ia kaplon individualitetin e tij, lufta q\u00eb ndodh\u00eb n\u00eb Lindje dhe kudo tjet\u00ebr, krijimtaria e tij n\u00eb nj\u00eb p\u00ebrmas\u00eb b\u00ebhet her\u00eb r\u00ebnkim e her\u00eb mallkim, me vetveten e tij n\u00eb mbijetes\u00eb t\u00eb pambrojturve t\u00eb n\u00ebnave e f\u00ebmij\u00ebve t\u00eb pafajsh\u00ebm. <\/em><\/p>\n<p><em>Nga ky mendim i Berish\u00ebs, del dhe nj\u00eb prezantim se: \u201cK\u00ebto poezi q\u00eb ia ekspozojm\u00eb lexuesit n\u00eb gjuh\u00ebn shqipe, kan\u00eb nj\u00eb tipologji referente t\u00eb rr\u00ebfimit sa historik, po aq edhe t\u00eb vet\u00eb autorit, aq sa \u00ebsht\u00eb koncepti i identitetit t\u00eb tij, \u00ebsht\u00eb nj\u00eb skic\u00eb e dob\u00ebsis\u00eb njer\u00ebzore. Dhimbja q\u00eb b\u00ebn dergj\u00eb, n\u00eb k\u00ebt\u00eb p\u00ebrmbledhje, \u00ebsht\u00eb e form\u00ebs s\u00eb palimpsestit.\u00a0 <\/em><\/p>\n<p><em>Nd\u00ebrsa n\u00eb p\u00ebrfundim, nga mendimi kritik i krijuesit Berisha del mesazhi nga vepra e poetit e humanistit Kahan \u201c<strong>Predikuesit e rrejsh\u00ebm\u201d.<\/strong><\/em><\/p>\n<p><em>Paralajm\u00ebrimi q\u00eb nga Zanafilla e Re, se do t\u00eb dalin predikues t\u00eb rrem\u00eb, shikuar poezin\u00eb, e krahasuar me biografin\u00eb e tij, n\u00eb mes shkenc\u00ebs e\u00a0 poezis\u00eb, \u00ebsht\u00eb krijuar mendimi refleksiv, gati si puna e laborantit antropologjik, p\u00ebr ta rigjetur vetveten, e n\u00eb k\u00ebt\u00eb rast, autori integron gjith\u00eb realitetin q\u00eb e rrethon at\u00eb, popullin e tij, paragjykimet e thella q\u00eb shpesh e p\u00ebrcaktojn\u00eb edhe fatin e njer\u00ebzimit, me moton se shkenca e vet\u00ebdija pa dashurin\u00eb njeri,\u00a0 jan\u00eb t\u00eb pamjaftueshme.\u00a0 <\/em><\/p>\n<p><em>Ndon\u00ebse, n\u00eb p\u00ebrgjith\u00ebsi poezit\u00eb jan\u00eb t\u00eb nj\u00eb sensi delikat aty k\u00ebtu shihet trishtim i zymt\u00eb, poeti gjithnj\u00eb e ruan sensin krijues brenda forc\u00ebs shpirt\u00ebrore t\u00eb tij, gjithnj\u00eb me nj\u00eb drit\u00eb p\u00ebr fatin e popullit t\u00eb vet. Kjo \u00ebsht\u00eb fuqia humane e tij prej profesionit q\u00eb ushtroi dhe shkrimit me t\u00eb cilin, sikur thot\u00eb biografia, ka mbajtur hallk\u00ebn e lidhur nd\u00ebrmjet izraelit, vendit t\u00eb tij, migrimit dhe karakterin si faktor me r\u00ebnd\u00ebsi edhe p\u00ebr revolucionet q\u00eb b\u00ebhen ndonj\u00ebher\u00eb. <\/em><\/p>\n<p><em>Gjat\u00eb q\u00ebndrimit n\u00eb Kosov\u00eb, Ernesto Kahan, do t\u00eb ligj\u00ebroj\u00eb sot n\u00eb Universitetin Publik n\u00eb Prishtin\u00eb, nd\u00ebrsa nes\u00ebr \u00ebsht\u00eb i ftuar i Kolegjit AAB n\u00eb Prishtin\u00eb.<\/em><\/p>\n<figure class=\"wp-block-image\"><img decoding=\"async\" class=\"wp-image-110149\" src=\"https:\/\/www.kultplus.com\/wp-content\/uploads\/2019\/05\/jh.jpg\" sizes=\"(max-width: 960px) 100vw, 960px\" srcset=\"https:\/\/www.kultplus.com\/wp-content\/uploads\/2019\/05\/jh.jpg 960w, https:\/\/www.kultplus.com\/wp-content\/uploads\/2019\/05\/jh-300x225.jpg 300w, https:\/\/www.kultplus.com\/wp-content\/uploads\/2019\/05\/jh-768x576.jpg 768w, https:\/\/www.kultplus.com\/wp-content\/uploads\/2019\/05\/jh-215x161.jpg 215w\" alt=\"\" \/><\/figure>\n<p>Ernesto Kahan dhe Jeton Kelmendi<\/p>\n<p><strong>Biografia<\/strong><\/p>\n<p><strong>Prof. Ernesto Kahan<\/strong>. Izraelit \u2013 argjentinas. U lind n\u00eb vitin 1940, dhe u arsimua n\u00eb Argjentin\u00eb (Universiteti i Buenos Aires) dhe n\u00eb SHBA (Universiteti i Uashingtonit). Doktor i mjek\u00ebsis\u00eb, pedagog i universitetit dhe poet. N\u00ebnkryetar i Akademis\u00eb Bot\u00ebrore t\u00eb Arteve dhe Kultur\u00ebs. Profesor n\u00eb universitete n\u00eb Argjentin\u00eb, Izrael, Peru, Rep. Domenikane, Meksik\u00eb, SHBA dhe Spanj\u00eb.<\/p>\n<p><strong>\u2022 1985 \u2013 Kandidat\u00eb p\u00ebr t\u00eb marr\u00eb \u00c7mimin Nobel p\u00ebr Paqe iu drejtua mjek\u00ebve Nd\u00ebrkomb\u00ebtare p\u00ebr Parandalimin e p\u00ebr\u00e7arjeve n\u00eb \u00e7\u00ebshtjet B\u00ebrthamore IPPN\u00cb n\u00eb Oslo \/ Norvegji<\/strong><\/p>\n<p>Autor i 7 librave dhe m\u00eb shum\u00eb se 200 artikujve n\u00eb revistat nd\u00ebrkomb\u00ebtare. Libri i tij \u201cGENOCIDE\u201d i shkruar me Taki Yuriko (n\u00eb tri gjuh\u00eb), krijoi \u00e7mimin \u201c\u00c7el\u00ebsi i art\u00eb i let\u00ebrsis\u00eb dhe Cultur\u00ebs Hanchon\u201d dhe u vler\u00ebsua n\u00eb shum\u00eb festivale. Hartuesi i antologjis\u00eb \u201cLos Escritores del Alba\u201d, editorial Certeza, Spanj\u00eb. Themelues i Shoqat\u00ebs s\u00eb Mjek\u00ebve p\u00ebr Paqe n\u00eb Izrael, Uruguaj, Kili dhe Bolivi; N\u00ebnkryetari i Mjek\u00ebve Nd\u00ebrkomb\u00ebtar p\u00ebr Parandalimin e Luft\u00ebs B\u00ebrthamore \u2013 IPPN\u00cb, (1985 Lauerat i \u00e7mimit Nobel p\u00ebr Paqe), President i Grupit Letrar \u201cBRASEGO\u201d. N\u00ebnkryetar i Forumit Nd\u00ebrkomb\u00ebtar p\u00ebr Let\u00ebrsin\u00eb dhe Kultur\u00ebn e Paqes (IFLAC). Redaktor i Let\u00ebrsis\u00eb p\u00ebr Paqe n\u00eb \u201cPalabras Diversas\u201d.N\u00ebnkryetar i Kongresit Bot\u00ebror XXV t\u00eb poet\u00ebve, Los Anxhelos 2005, n\u00ebnkryetar i Kongresit Bot\u00ebror XXVI t\u00eb poet\u00ebve Mongolia 2006. N\u00ebnkryetar i Kongresit Bot\u00ebror t\u00eb Poet\u00ebve XXVI,\u00a0 Meksik\u00eb 2008.<\/p>\n<\/div>\n<\/div>\n<\/div>\n<\/div>\n<\/div>\n<\/div>","protected":false},"excerpt":{"rendered":"<p>IWA Bogdani Nobelisti p\u00ebr paqe, izraelito-argjentinasi, Ernesto Kahan, poet dhe humanist, n\u00eb nj\u00eb vizit\u00eb q\u00eb po i b\u00ebn Kosov\u00ebs, ku edhe do t\u00eb shpallet doktor Honoris Kausa n\u00eb Universitetit AAB, sot vizitoi Klubin letrar \u201cGjon Nikoll\u00eb Kazazi\u201d n\u00eb Gjakov\u00eb. Me k\u00ebt\u00eb rast, iu promovua libri me poezi, \u201cPakti im testament\u201d, i botuar nga IWA \u201cBogdani\u201d, [&hellip;]<\/p>","protected":false},"author":1,"featured_media":1285,"comment_status":"open","ping_status":"open","sticky":false,"template":"","format":"standard","meta":{"_exactmetrics_skip_tracking":false,"_exactmetrics_sitenote_active":false,"_exactmetrics_sitenote_note":"","_exactmetrics_sitenote_category":0,"footnotes":""},"categories":[166],"tags":[],"book_author":[],"book_publisher":[],"acf":[],"_links":{"self":[{"href":"https:\/\/www.iwabogdani.org\/sq\/wp-json\/wp\/v2\/posts\/3122"}],"collection":[{"href":"https:\/\/www.iwabogdani.org\/sq\/wp-json\/wp\/v2\/posts"}],"about":[{"href":"https:\/\/www.iwabogdani.org\/sq\/wp-json\/wp\/v2\/types\/post"}],"author":[{"embeddable":true,"href":"https:\/\/www.iwabogdani.org\/sq\/wp-json\/wp\/v2\/users\/1"}],"replies":[{"embeddable":true,"href":"https:\/\/www.iwabogdani.org\/sq\/wp-json\/wp\/v2\/comments?post=3122"}],"version-history":[{"count":0,"href":"https:\/\/www.iwabogdani.org\/sq\/wp-json\/wp\/v2\/posts\/3122\/revisions"}],"wp:featuredmedia":[{"embeddable":true,"href":"https:\/\/www.iwabogdani.org\/sq\/wp-json\/"}],"wp:attachment":[{"href":"https:\/\/www.iwabogdani.org\/sq\/wp-json\/wp\/v2\/media?parent=3122"}],"wp:term":[{"taxonomy":"category","embeddable":true,"href":"https:\/\/www.iwabogdani.org\/sq\/wp-json\/wp\/v2\/categories?post=3122"},{"taxonomy":"post_tag","embeddable":true,"href":"https:\/\/www.iwabogdani.org\/sq\/wp-json\/wp\/v2\/tags?post=3122"},{"taxonomy":"book_author","embeddable":true,"href":"https:\/\/www.iwabogdani.org\/sq\/wp-json\/wp\/v2\/book_author?post=3122"},{"taxonomy":"book_publisher","embeddable":true,"href":"https:\/\/www.iwabogdani.org\/sq\/wp-json\/wp\/v2\/book_publisher?post=3122"}],"curies":[{"name":"wp","href":"https:\/\/api.w.org\/{rel}","templated":true}]}}