{"id":3229,"date":"2020-11-03T20:56:28","date_gmt":"2020-11-03T20:56:28","guid":{"rendered":"http:\/\/www.iwabogdani.org\/?p=2012"},"modified":"2020-11-03T20:56:28","modified_gmt":"2020-11-03T20:56:28","slug":"leonora-brucaj-poezi","status":"publish","type":"post","link":"https:\/\/www.iwabogdani.org\/sq\/leonora-brucaj-poezi\/","title":{"rendered":"Leonora Bru\u00e7aj, poezi"},"content":{"rendered":"<p class=\"s2\"><span class=\"s3\"><span class=\"bumpedFont15\">Le<\/span><\/span><span class=\"s3\"><span class=\"bumpedFont15\">onora Bru<\/span><\/span><span class=\"s4\"><span class=\"bumpedFont15\">\u00e7<\/span><\/span><span class=\"s3\"><span class=\"bumpedFont15\">aj<\/span><\/span><span class=\"s3\"><span class=\"bumpedFont15\"> u lind n\u00eb Istog.<\/span><\/span><span class=\"s3\"><span class=\"bumpedFont15\"> Shkoll\u00ebn fillore dhe gjimnazin \u201cHaxhi Zeka\u201d i kreu n\u00eb vendlindje, <\/span><\/span><span class=\"s3\"><span class=\"bumpedFont15\">kurse<\/span><\/span><span class=\"s3\"><span class=\"bumpedFont15\">studimet e l<\/span><\/span><span class=\"s3\"><span class=\"bumpedFont15\">arta i vazhdoi n\u00eb Fakultetin e Filologjis\u00eb<\/span><\/span><span class=\"s3\"><span class=\"bumpedFont15\"> t\u00eb Universitetit t\u00eb Prishtin\u00ebs n\u00eb Deg\u00ebn e Let\u00ebrsis\u00eb Shqipe.<\/span><\/span><\/p>\n<p class=\"s2\"><span class=\"s4\"><span class=\"bumpedFont15\">Ka p\u00ebrfunduar<\/span><\/span> <span class=\"s4\"><span class=\"bumpedFont15\">studimet Master n<\/span><\/span><span class=\"s4\"><span class=\"bumpedFont15\">\u00eb<\/span><\/span><span class=\"s4\"><span class=\"bumpedFont15\"> Fakultetin e Filologjis<\/span><\/span><span class=\"s4\"><span class=\"bumpedFont15\">\u00eb<\/span><\/span><span class=\"s4\"><span class=\"bumpedFont15\">,<\/span><\/span><span class=\"s4\"><span class=\"bumpedFont15\">Universiteti i Prishtin<\/span><\/span><span class=\"s4\"><span class=\"bumpedFont15\">\u00eb<\/span><\/span><span class=\"s4\"><span class=\"bumpedFont15\">s,<\/span><\/span> <span class=\"s4\"><span class=\"bumpedFont15\">D<\/span><\/span><span class=\"s4\"><span class=\"bumpedFont15\">ega Let\u00ebrsi<\/span><\/span><span class=\"s4\"><span class=\"bumpedFont15\"> Shqipe, Drejtimi Shkencor, dhe aktualisht \u00ebsht\u00eb n\u00eb studimet doktorale n\u00eb <\/span><\/span><span class=\"s4\"><span class=\"bumpedFont15\">D<\/span><\/span><span class=\"s4\"><span class=\"bumpedFont15\">eg\u00ebn e Let\u00ebrsis\u00eb Shqipe, Fakulteti i Filologjis\u00eb n\u00eb Universitetin e Prishtin\u00ebs<\/span><\/span><span class=\"s4\"><span class=\"bumpedFont15\">.<\/span><\/span> <span class=\"s4\"><span class=\"bumpedFont15\">Ka p\u00ebrfunduar<\/span><\/span><span class=\"s4\"><span class=\"bumpedFont15\"> po ashtu edhe<\/span><\/span><span class=\"s4\"><span class=\"bumpedFont15\">studim<\/span><\/span><span class=\"s4\"><span class=\"bumpedFont15\">et Master n\u00eb K<\/span><\/span><span class=\"s4\"><span class=\"bumpedFont15\">olegjin FAMA<\/span><\/span><span class=\"s4\"><span class=\"bumpedFont15\">,<\/span><\/span><span class=\"s4\"><span class=\"bumpedFont15\"> D<\/span><\/span><span class=\"s4\"><span class=\"bumpedFont15\">rejtimi Marr\u00ebdh\u00ebnie Nd\u00ebrkomb\u00ebtare dhe Diplomaci.<\/span><\/span><\/p>\n<p class=\"s2\"><span class=\"s4\"><span class=\"bumpedFont15\">Tani <\/span><\/span><span class=\"s4\"><span class=\"bumpedFont15\">\u00eb<\/span><\/span><span class=\"s4\"><span class=\"bumpedFont15\">sht<\/span><\/span><span class=\"s4\"><span class=\"bumpedFont15\">\u00eb<\/span><\/span> <span class=\"s4\"><span class=\"bumpedFont15\">profesoresh\u00eb<\/span><\/span><span class=\"s4\"><span class=\"bumpedFont15\"> n<\/span><\/span><span class=\"s4\"><span class=\"bumpedFont15\">\u00eb<\/span><\/span><span class=\"s4\"><span class=\"bumpedFont15\"> Universitetin e Prizrenit<\/span><\/span><span class=\"s4\"><span class=\"bumpedFont15\">, Fakulteti i Filologjis<\/span><\/span><span class=\"s4\"><span class=\"bumpedFont15\">\u00eb<\/span><\/span><span class=\"s4\"><span class=\"bumpedFont15\">.<\/span><\/span><\/p>\n<p class=\"s2\"><span class=\"s4\"><span class=\"bumpedFont15\">N\u00eb<\/span><\/span><span class=\"s4\"><span class=\"bumpedFont15\"> vitin 1993 u an<\/span><\/span><span class=\"s3\"><span class=\"bumpedFont15\">\u00eb<\/span><\/span><span class=\"s4\"><span class=\"bumpedFont15\">tar<\/span><\/span><span class=\"s3\"><span class=\"bumpedFont15\">\u00eb<\/span><\/span><span class=\"s4\"><span class=\"bumpedFont15\">sua n<\/span><\/span><span class=\"s3\"><span class=\"bumpedFont15\">\u00eb<\/span><\/span><span class=\"s4\"><span class=\"bumpedFont15\"> Shoqat<\/span><\/span><span class=\"s3\"><span class=\"bumpedFont15\">\u00eb<\/span><\/span><span class=\"s4\"><span class=\"bumpedFont15\">n e Shkrimtar<\/span><\/span><span class=\"s3\"><span class=\"bumpedFont15\">\u00eb<\/span><\/span><span class=\"s4\"><span class=\"bumpedFont15\">ve t<\/span><\/span><span class=\"s3\"><span class=\"bumpedFont15\">\u00eb<\/span><\/span><span class=\"s4\"><span class=\"bumpedFont15\">Kosov<\/span><\/span><span class=\"s3\"><span class=\"bumpedFont15\">\u00eb<\/span><\/span><span class=\"s4\"><span class=\"bumpedFont15\">s <\/span><\/span><span class=\"s4\"><span class=\"bumpedFont15\">si<\/span><\/span><span class=\"s4\"><span class=\"bumpedFont15\"> an<\/span><\/span><span class=\"s3\"><span class=\"bumpedFont15\">\u00eb<\/span><\/span><span class=\"s4\"><span class=\"bumpedFont15\">tarja m<\/span><\/span><span class=\"s3\"><span class=\"bumpedFont15\">\u00eb<\/span><\/span><span class=\"s4\"><span class=\"bumpedFont15\"> e re, me <\/span><\/span><span class=\"s4\"><span class=\"bumpedFont15\">\u00e7\u2019rast<\/span><\/span><span class=\"s4\"><span class=\"bumpedFont15\"> u shp\u00ebrblye me \u00e7mimin e par<\/span><\/span><span class=\"s4\"><span class=\"bumpedFont15\">\u00eb<\/span><\/span><span class=\"s4\"><span class=\"bumpedFont15\"> p<\/span><\/span><span class=\"s4\"><span class=\"bumpedFont15\">\u00eb<\/span><\/span><span class=\"s4\"><span class=\"bumpedFont15\">r poezin\u00eb m<\/span><\/span><span class=\"s4\"><span class=\"bumpedFont15\">\u00eb<\/span><\/span><span class=\"s4\"><span class=\"bumpedFont15\"> t<\/span><\/span><span class=\"s4\"><span class=\"bumpedFont15\">\u00eb<\/span><\/span><span class=\"s4\"><span class=\"bumpedFont15\"> mir<\/span><\/span><span class=\"s4\"><span class=\"bumpedFont15\">\u00eb<\/span><\/span><span class=\"s4\"><span class=\"bumpedFont15\"> dhe<\/span><\/span><span class=\"s4\"><span class=\"bumpedFont15\">,<\/span><\/span><span class=\"s4\"><span class=\"bumpedFont15\"> nj<\/span><\/span><span class=\"s4\"><span class=\"bumpedFont15\">\u00eb<\/span><\/span><span class=\"s4\"><span class=\"bumpedFont15\">herazi<\/span><\/span><span class=\"s4\"><span class=\"bumpedFont15\"> mori si shp\u00ebrblim <\/span><\/span><span class=\"s4\"><span class=\"bumpedFont15\">nj<\/span><\/span><span class=\"s3\"><span class=\"bumpedFont15\">\u00eb<\/span><\/span><span class=\"s4\"><span class=\"bumpedFont15\"> lib<\/span><\/span><span class=\"s3\"><span class=\"bumpedFont15\">\u00eb<\/span><\/span><span class=\"s4\"><span class=\"bumpedFont15\">r nga Presidenti i ndjer<\/span><\/span><span class=\"s3\"><span class=\"bumpedFont15\">\u00eb<\/span><\/span><span class=\"s3\"><span class=\"bumpedFont15\">,<\/span><\/span> <span class=\"s4\"><span class=\"bumpedFont15\">Ibrahim Rugova, gjat\u00eb<\/span><\/span><span class=\"s4\"><span class=\"bumpedFont15\"> koh<\/span><\/span><span class=\"s3\"><span class=\"bumpedFont15\">\u00eb<\/span><\/span><span class=\"s3\"><span class=\"bumpedFont15\">s<\/span><\/span><span class=\"s4\"><span class=\"bumpedFont15\"> sa ai<\/span><\/span><span class=\"s4\"><span class=\"bumpedFont15\"> ishte <\/span><\/span><span class=\"s7\"><span class=\"bumpedFont15\">kryetar i Shoqat\u00ebs s\u00eb Shkrimtar\u00ebve t\u00eb Kosov\u00ebs<\/span><\/span><span class=\"s4\"><span class=\"bumpedFont15\">.\u00a0<\/span><\/span><\/p>\n<p class=\"s2\"><span class=\"s4\"><span class=\"bumpedFont15\">Leonora Bru\u00e7aj, p<\/span><\/span><span class=\"s4\"><span class=\"bumpedFont15\">\u00ebrve\u00e7 poezive t<\/span><\/span><span class=\"s3\"><span class=\"bumpedFont15\">\u00eb<\/span><\/span><span class=\"s4\"><span class=\"bumpedFont15\"> shumta q<\/span><\/span><span class=\"s3\"><span class=\"bumpedFont15\">\u00eb<\/span><\/span><span class=\"s4\"><span class=\"bumpedFont15\"> ka publikuar n\u00eb<\/span><\/span><span class=\"s4\"><span class=\"bumpedFont15\"> revistat e koh\u00ebs <\/span><\/span><span class=\"s4\"><span class=\"bumpedFont15\">si\u00e7<\/span><\/span><span class=\"s4\"><span class=\"bumpedFont15\"> ishin<\/span><\/span><span class=\"s4\"><span class=\"bumpedFont15\">:<\/span><\/span><span class=\"s4\"><span class=\"bumpedFont15\"> \u201c<\/span><\/span><span class=\"s4\"><span class=\"bumpedFont15\">Pionier<\/span><\/span><span class=\"s4\"><span class=\"bumpedFont15\">i\u201d<\/span><\/span><span class=\"s4\"><span class=\"bumpedFont15\">, <\/span><\/span><span class=\"s4\"><span class=\"bumpedFont15\">\u201c<\/span><\/span><span class=\"s4\"><span class=\"bumpedFont15\">Gep<\/span><\/span><span class=\"s4\"><span class=\"bumpedFont15\">\u201d<\/span><\/span><span class=\"s4\"><span class=\"bumpedFont15\">, <\/span><\/span><span class=\"s4\"><span class=\"bumpedFont15\">\u201c<\/span><\/span><span class=\"s4\"><span class=\"bumpedFont15\">Sh\u00ebndet<\/span><\/span><span class=\"s4\"><span class=\"bumpedFont15\">i\u201d<\/span><\/span><span class=\"s4\"><span class=\"bumpedFont15\">, <\/span><\/span><span class=\"s4\"><span class=\"bumpedFont15\">\u201c<\/span><\/span><span class=\"s4\"><span class=\"bumpedFont15\">Dielli<\/span><\/span><span class=\"s4\"><span class=\"bumpedFont15\">\u201d<\/span><\/span><span class=\"s4\"><span class=\"bumpedFont15\">, <\/span><\/span><span class=\"s4\"><span class=\"bumpedFont15\">\u201c<\/span><\/span><span class=\"s4\"><span class=\"bumpedFont15\">Kosovarja<\/span><\/span><span class=\"s4\"><span class=\"bumpedFont15\">\u201d<\/span><\/span><span class=\"s4\"><span class=\"bumpedFont15\">, <\/span><\/span><span class=\"s4\"><span class=\"bumpedFont15\">\u201c<\/span><\/span><span class=\"s4\"><span class=\"bumpedFont15\">Z\u00ebri i Rinis\u00eb<\/span><\/span><span class=\"s4\"><span class=\"bumpedFont15\">\u201d<\/span><\/span><span class=\"s4\"><span class=\"bumpedFont15\">, <\/span><\/span><span class=\"s4\"><span class=\"bumpedFont15\">\u201c<\/span><\/span><span class=\"s4\"><span class=\"bumpedFont15\">Rilindja<\/span><\/span><span class=\"s4\"><span class=\"bumpedFont15\">\u201d<\/span><\/span><span class=\"s4\"><span class=\"bumpedFont15\">, <\/span><\/span><span class=\"s4\"><span class=\"bumpedFont15\">\u201c<\/span><\/span><span class=\"s4\"><span class=\"bumpedFont15\">Bota e Re<\/span><\/span><span class=\"s4\"><span class=\"bumpedFont15\">\u201d<\/span><\/span><span class=\"s4\"><span class=\"bumpedFont15\"> dhe n\u00eb R<\/span><\/span><span class=\"s4\"><span class=\"bumpedFont15\">evist\u00ebn <\/span><\/span><span class=\"s4\"><span class=\"bumpedFont15\">\u201cBashkimi\u201d n\u00eb Shqip\u00ebri, \u00ebsht\u00eb<\/span><\/span><span class=\"s4\"><span class=\"bumpedFont15\"> autore e<\/span><\/span><span class=\"s4\"><span class=\"bumpedFont15\">dhe e<\/span><\/span><span class=\"s4\"><span class=\"bumpedFont15\"> dy <\/span><\/span><span class=\"s4\"><span class=\"bumpedFont15\">p<\/span><\/span><span class=\"s4\"><span class=\"bumpedFont15\">\u00eb<\/span><\/span><span class=\"s4\"><span class=\"bumpedFont15\">rmbledhjeve<\/span><\/span><span class=\"s4\"><span class=\"bumpedFont15\"> poetik<\/span><\/span><span class=\"s3\"><span class=\"bumpedFont15\">e<\/span><\/span><span class=\"s4\"><span class=\"bumpedFont15\">: \u201cVdekja e Balozit\u201d<\/span><\/span><span class=\"s4\"><span class=\"bumpedFont15\">,<\/span><\/span><span class=\"s4\"><span class=\"bumpedFont15\">Prishtin\u00eb \u2013 Sht\u00ebpi<\/span><\/span><span class=\"s4\"><span class=\"bumpedFont15\">a \u00a0Botuese \u201c<\/span><\/span><span class=\"s4\"><span class=\"bumpedFont15\">Rilindja\u201d 1993,<\/span><\/span><span class=\"s4\"><span class=\"bumpedFont15\"> si dhe \u201cDhembje e harres\u00ebs<\/span><\/span><span class=\"s4\"><span class=\"bumpedFont15\">\u201d<\/span><\/span><span class=\"s4\"><span class=\"bumpedFont15\">,<\/span><\/span><span class=\"s4\"><span class=\"bumpedFont15\"> Prishtin\u00eb \u2013 Sht\u00ebpia Botuese <\/span><\/span><span class=\"s4\"><span class=\"bumpedFont15\">\u201cRilindja\u201d 1998 kurse<\/span><\/span><span class=\"s4\"><span class=\"bumpedFont15\"> n<\/span><\/span><span class=\"s4\"><span class=\"bumpedFont15\">\u00eb<\/span><\/span><span class=\"s4\"><span class=\"bumpedFont15\"> dor\u00ebshkrim <\/span><\/span><span class=\"s4\"><span class=\"bumpedFont15\">tani<\/span><\/span><span class=\"s4\"><span class=\"bumpedFont15\"> ka edhe p\u00ebrmbledhjen tjet\u00ebr me poezi me titull \u201cBrerim<\/span><\/span><span class=\"s4\"><span class=\"bumpedFont15\">\u00eb<\/span><\/span><span class=\"s4\"><span class=\"bumpedFont15\">politikash\u201d.<\/span><\/span><\/p>\n<p class=\"s2\"><span class=\"s4\"><span class=\"bumpedFont15\">Leonora Bru\u00e7aj, merret <\/span><\/span><span class=\"s4\"><span class=\"bumpedFont15\">gjithashtu<\/span><\/span><span class=\"s4\"><span class=\"bumpedFont15\"> edhe me proz\u00eb.<\/span><\/span><\/p>\n<p class=\"s2\"><span class=\"s4\"><span class=\"bumpedFont15\">\u00cbsht\u00eb studiuese e Let\u00ebrsis\u00eb dhe merret me studime shkencore letrare. Ka marr\u00eb pjes\u00eb edhe n\u00eb shum\u00eb konferenca shkencore si n\u00eb Kosov\u00eb, Shqip\u00ebri, Mal t\u00eb Zi, Maqedoni e Gjermani, dhe \u00ebsht\u00eb e pajisur me shum\u00eb certifikata e mir\u00ebnjohje.<\/span><\/span><\/p>\n<p class=\"s3\"><span class=\"s2\"><span class=\"bumpedFont15\"><strong>\u00cbnd\u00ebrr <\/strong><strong>me<\/strong> <strong>ty!<\/strong><\/span><\/span><\/p>\n<p class=\"s3\">\n<p class=\"s3\"><span class=\"s4\"><span class=\"bumpedFont15\">Shpirti im gufon s\u00eb thelli<\/span><\/span><\/p>\n<p class=\"s3\"><span class=\"s4\"><span class=\"bumpedFont15\">P\u00ebr sy t\u2019bukur dashurie<\/span><\/span><\/p>\n<p class=\"s3\"><span class=\"s4\"><span class=\"bumpedFont15\">P\u00ebr ledhatimin q\u00eb nat\u00ebn fuqizon<\/span><\/span><\/p>\n<p class=\"s3\"><span class=\"s4\"><span class=\"bumpedFont15\">Me at\u00eb dashuri, <\/span><\/span><\/p>\n<p class=\"s3\"><span class=\"s4\"><span class=\"bumpedFont15\">q\u00eb asnj\u00eb termet s\u2019do mund t\u00eb t\u00eb p\u00ebrpij\u00eb<\/span><\/span><\/p>\n<p class=\"s3\"><span class=\"s4\"><span class=\"bumpedFont15\">\u00c7far\u00eb breng\u00eb na solli terri k\u00ebt\u00eb her\u00eb<\/span><\/span><\/p>\n<p class=\"s3\"><span class=\"s4\"><span class=\"bumpedFont15\">Kjo breng\u00eb ka arom\u00ebn luledielli<\/span><\/span><\/p>\n<p class=\"s3\"><span class=\"s4\"><span class=\"bumpedFont15\">Kur marr\u00eb frym\u00eb leht\u00eb pran\u00eb kraharorit t\u00ebnd<\/span><\/span><\/p>\n<p class=\"s3\"><span class=\"s4\"><span class=\"bumpedFont15\">Duke menduar si ta shkruaj <\/span><\/span><\/p>\n<p class=\"s3\"><span class=\"s4\"><span class=\"bumpedFont15\">nes\u00ebr dram\u00ebn p\u00ebr kujtimin e hidhur<\/span><\/span><\/p>\n<p class=\"s3\"><span class=\"s4\"><span class=\"bumpedFont15\">Kur vije m\u00ebngjesi t\u00eb ikim padiktuesh\u00ebm<\/span><\/span><\/p>\n<p class=\"s3\"><span class=\"s4\"><span class=\"bumpedFont15\">Duke rr\u00ebfyer pa psher\u00ebtim\u00eb p\u00ebr nat\u00ebn pa kthim<\/span><\/span><\/p>\n<p class=\"s3\"><span class=\"s4\"><span class=\"bumpedFont15\">Sonte po \u00e7mallemi se dashuruari<\/span><\/span><\/p>\n<p class=\"s3\"><span class=\"s4\"><span class=\"bumpedFont15\">Un\u00eb dhe ti dy lot n\u00eb syt\u00eb e bot\u00ebs<\/span><\/span><\/p>\n<p class=\"s3\"><span class=\"s4\"><span class=\"bumpedFont15\">K\u00ebsaj bote q\u00eb ka nur urrejtjeje<\/span><\/span><\/p>\n<p class=\"s3\"><span class=\"s4\"><span class=\"bumpedFont15\">K\u00ebt\u00eb nat\u00eb t\u00eb gjat\u00eb sa vet jeta<\/span><\/span><\/p>\n<p class=\"s3\"><span class=\"s4\"><span class=\"bumpedFont15\">I lutem njer\u00ebzimit t\u00eb bie n\u00eb gjum\u00eb<\/span><\/span><\/p>\n<p class=\"s3\"><span class=\"s4\"><span class=\"bumpedFont15\">Mos t\u2019d\u00ebgjoj mallkimet p\u00ebr humbje<\/span><\/span><\/p>\n<p class=\"s3\"><span class=\"s4\"><span class=\"bumpedFont15\">Kur ti je m\u00eb i thell\u00eb se gjumi i detit<\/span><\/span><\/p>\n<p class=\"s3\"><span class=\"s4\"><span class=\"bumpedFont15\">Kur shpirtrat tan\u00eb <\/span><\/span><\/p>\n<p class=\"s3\"><span class=\"s4\"><span class=\"bumpedFont15\">ndiejn\u00eb etjen si lulja n\u00eb Sahar\u00eb<\/span><\/span><\/p>\n<p class=\"s3\"><span class=\"s4\"><span class=\"bumpedFont15\">Si do ikim se bashku<\/span><\/span><\/p>\n<p class=\"s3\"><span class=\"s4\"><span class=\"bumpedFont15\">pa na diktuar terri k\u00ebt\u00eb her\u00eb<\/span><\/span><\/p>\n<p class=\"s3\"><span class=\"s4\"><span class=\"bumpedFont15\">Pa e par\u00eb m\u00ebngjesin e hersh\u00ebm <\/span><\/span><\/p>\n<p class=\"s3\"><span class=\"s4\"><span class=\"bumpedFont15\">si e gjen dashurin\u00eb e zhveshur nga frika<\/span><\/span><\/p>\n<p class=\"s3\"><span class=\"s4\"><span class=\"bumpedFont15\">Nga frika p\u00ebr humbjen t\u00ebnde<\/span><\/span><\/p>\n<p class=\"s3\"><span class=\"s4\"><span class=\"bumpedFont15\">Humbjen t\u00ebnde q\u00eb kurr\u00eb s\u2019ishe me mua<\/span><\/span><\/p>\n<p class=\"s3\"><span class=\"s4\"><span class=\"bumpedFont15\">Vet\u00ebm sonte n\u00eb k\u00ebt\u00eb nat\u00eb t\u00eb gjat\u00eb<\/span><\/span><\/p>\n<p class=\"s3\"><span class=\"s4\"><span class=\"bumpedFont15\">N\u00eb k\u00ebt\u00eb \u00ebnd\u00ebrr t\u00eb p\u00ebrjetuar se zgjuari<\/span><\/span><\/p>\n<p class=\"s3\"><span class=\"s4\"><span class=\"bumpedFont15\">Do t\u2019mundohem t\u00eb t\u2019hudhi<\/span><\/span><\/p>\n<p class=\"s3\"><span class=\"s4\"><span class=\"bumpedFont15\">n\u2019t\u2019ardhmen e shpirtit tim!<\/span><\/span><\/p>\n<p class=\"s3\">\n<p class=\"s3\"><strong><span class=\"s2\"><span class=\"bumpedFont15\">\u00c7\u2019m\u00eb duhet<\/span><\/span><\/strong><\/p>\n<p class=\"s3\">\n<p class=\"s3\"><span class=\"s4\"><span class=\"bumpedFont15\">\u00c7\u2019m\u00eb duhet mua hipokriti<\/span><\/span><\/p>\n<p class=\"s3\"><span class=\"s4\"><span class=\"bumpedFont15\">N\u00eb gjyq me shk\u00eblqimin tim vajz\u00ebror<\/span><\/span><\/p>\n<p class=\"s3\"><span class=\"s4\"><span class=\"bumpedFont15\">N\u00eb mbrojtje t\u00eb titullit\u201d e virgj\u00ebr\u201d<\/span><\/span><\/p>\n<p class=\"s3\">\n<p class=\"s3\"><span class=\"s4\"><span class=\"bumpedFont15\">\u00c7\u2019m\u00eb duhet nj\u00eb dashnor hiptonik<\/span><\/span><\/p>\n<p class=\"s3\"><span class=\"s4\"><span class=\"bumpedFont15\">Q\u00eb k\u00ebrkon dor\u00ebn time nga babai im<\/span><\/span><\/p>\n<p class=\"s3\">\n<p class=\"s3\"><span class=\"s4\"><span class=\"bumpedFont15\">\u00c7\u2019m\u00eb duhet aristokrati p\u00ebr shpirtin tim feudal<\/span><\/span><\/p>\n<p class=\"s3\">\n<p class=\"s3\"><span class=\"s4\"><span class=\"bumpedFont15\">\u00c7\u2019m\u00eb duhet mbreti<\/span><\/span><\/p>\n<p class=\"s3\"><span class=\"s4\"><span class=\"bumpedFont15\">Kur mbret\u00ebrit\u00eb e mia jan\u00eb <\/span><\/span><\/p>\n<p class=\"s3\"><span class=\"s4\"><span class=\"bumpedFont15\">vargjet e thyera q\u00eb i shkrova p\u00ebr ty<\/span><\/span><\/p>\n<p class=\"s3\">\n<p class=\"s3\"><span class=\"s4\"><span class=\"bumpedFont15\">\u00c7\u2019m\u00eb duhet poeti<\/span><\/span><\/p>\n<p class=\"s3\"><span class=\"s4\"><span class=\"bumpedFont15\">Kur vargjet dikush t\u2019i rr\u00ebmben<\/span><\/span><\/p>\n<p class=\"s3\">\n<p class=\"s3\"><span class=\"s4\"><span class=\"bumpedFont15\">\u00c7\u2019m\u00eb duhet dielli<\/span><\/span><\/p>\n<p class=\"s3\"><span class=\"s4\"><span class=\"bumpedFont15\">Kur mbytemi n\u00eb detin e gjelb\u00ebrimit p\u00ebr dashurin\u00eb<\/span><\/span><\/p>\n<p class=\"s3\">\n<p class=\"s3\"><span class=\"s4\"><span class=\"bumpedFont15\">\u00c7\u2019m\u00eb duhet gjumi<\/span><\/span><\/p>\n<p class=\"s3\"><span class=\"s4\"><span class=\"bumpedFont15\">kur shpirtin tim e qet\u00ebson<\/span><\/span><\/p>\n<p class=\"s3\"><span class=\"s4\"><span class=\"bumpedFont15\">bylbyli me simfonin\u00eb e tij<\/span><\/span><\/p>\n<p class=\"s3\">\n<p class=\"s3\"><span class=\"s4\"><span class=\"bumpedFont15\">\u00c7\u2019m\u00eb duhet vandali<\/span><\/span><\/p>\n<p class=\"s3\"><span class=\"s4\"><span class=\"bumpedFont15\">Kur un\u00eb jam romake e etur<\/span><\/span><\/p>\n<p class=\"s3\"><span class=\"s4\"><span class=\"bumpedFont15\">p\u00ebr ikjen t\u00ebnde<\/span><\/span><\/p>\n<p class=\"s3\">\n<p class=\"s3\"><span class=\"s4\"><span class=\"bumpedFont15\">\u00c7\u2019m\u00eb duhet t\u00eb iku nga kjo bot\u00eb<\/span><\/span><\/p>\n<p class=\"s3\"><span class=\"s4\"><span class=\"bumpedFont15\">Kur akoma s\u2019kam jetuar p\u00ebr ty.<\/span><\/span><\/p>\n<p class=\"s3\">\n<p class=\"s3\"><span class=\"s2\"><span class=\"bumpedFont15\"><strong>Rr\u00ebfim<\/strong> i pa <strong>treguem<\/strong><\/span><\/span><\/p>\n<p class=\"s3\">\n<p class=\"s3\"><span class=\"s4\"><span class=\"bumpedFont15\">N\u2019agimin e pranver\u00ebs<\/span><\/span><\/p>\n<p class=\"s3\"><span class=\"s4\"><span class=\"bumpedFont15\">kam and\u00ebrr t\u2019 pres krah\u00ebhapur<\/span><\/span><\/p>\n<p class=\"s3\"><span class=\"s4\"><span class=\"bumpedFont15\">P\u00ear dashunin\u2019 q\u2019i kurr\u2019 bashk\u2019 s\u2019e gzuem<\/span><\/span><\/p>\n<p class=\"s3\">\n<p class=\"s3\"><span class=\"s4\"><span class=\"bumpedFont15\">Njoh mir\u00eb c\u2019a dashnor\u2019<\/span><\/span><\/p>\n<p class=\"s3\"><span class=\"s4\"><span class=\"bumpedFont15\">E, kurr\u2019 nuk u desht\u00ebn<\/span><\/span><\/p>\n<p class=\"s3\"><span class=\"s4\"><span class=\"bumpedFont15\">Jetuan bashk\u2019 p\u00ebr hat\u00ebr t\u2019dikujt tjet\u00ebr<\/span><\/span><\/p>\n<p class=\"s3\"><span class=\"s4\"><span class=\"bumpedFont15\">E f\u00ebmij\u00ebt mbeten pa mbiem\u00ebn<\/span><\/span><\/p>\n<p class=\"s3\"><span class=\"s4\"><span class=\"bumpedFont15\">P\u00ebr dashnin\u2019 e tyne t\u2019gjith\u2019 u trishtuen<\/span><\/span><\/p>\n<p class=\"s3\"><span class=\"s4\"><span class=\"bumpedFont15\">Sonte n\u2019k\u00ebt pranver\u2019 kur ik\u2019 zem\u00ebrimi<\/span><\/span><\/p>\n<p class=\"s3\"><span class=\"s4\"><span class=\"bumpedFont15\">Ajo dashuni mbetet si g\u00ebzim i parr\u00ebfyem<\/span><\/span><\/p>\n<p class=\"s3\"><span class=\"s4\"><span class=\"bumpedFont15\">Ndoshta do t\u2019harrohet shpejt\u2019<\/span><\/span><\/p>\n<p class=\"s3\"><span class=\"s4\"><span class=\"bumpedFont15\">Do t\u2019vdes\u2019 poeti<\/span><\/span><\/p>\n<p class=\"s3\"><span class=\"s4\"><span class=\"bumpedFont15\">Do t\u2019vdes\u2019 poezia<\/span><\/span><\/p>\n<p class=\"s3\"><span class=\"s4\"><span class=\"bumpedFont15\">Askush s\u2019do t\u2019rr\u00ebfen<\/span><\/span><\/p>\n<p class=\"s3\"><span class=\"s4\"><span class=\"bumpedFont15\">P\u00ebr tradh\u00ebtit\u2019<\/span><\/span><\/p>\n<p class=\"s3\"><span class=\"s4\"><span class=\"bumpedFont15\">Si Heloiza e re<\/span><\/span><\/p>\n<p class=\"s3\"><span class=\"s4\"><span class=\"bumpedFont15\">Q\u2019i e lindi f\u00ebmin\u2019 v\u00eblla<\/span><\/span><\/p>\n<p class=\"s3\"><span class=\"s4\"><span class=\"bumpedFont15\">Dhe theu heshtjen n\u2019planetin ton\u2019<\/span><\/span><\/p>\n<p class=\"s3\">\n<p class=\"s3\"><span class=\"s4\"><span class=\"bumpedFont15\">Tani t\u2019k\u00ebrkojn\u2019 nuse dit\u2019 e nat\u2019<\/span><\/span><\/p>\n<p class=\"s3\">\n<p class=\"s3\"><span class=\"s4\"><span class=\"bumpedFont15\">Po shoqen tande s\u2019e gjejn\u2019 askund tjet\u00ebr p\u00ebrpos n\u2019pasqyr\u00ebn t\u2019ande<\/span><\/span><\/p>\n<p class=\"s3\">\n<p class=\"s3\"><span class=\"s4\"><span class=\"bumpedFont15\">Ose n\u2019p\u00ebrrall\u00ebzat e Onikut<\/span><\/span><\/p>\n<p class=\"s3\"><span class=\"s4\"><span class=\"bumpedFont15\">Apo n\u00eb vargjet e Homerit<\/span><\/span><\/p>\n<p class=\"s3\"><span class=\"s4\"><span class=\"bumpedFont15\">Q\u2019i treguan se dashunia s\u2019njeh mosh\u2019 as kufi<\/span><\/span><\/p>\n<p class=\"s3\"><span class=\"s4\"><span class=\"bumpedFont15\">As rac\u00eb, as gjini<\/span><\/span><\/p>\n<p class=\"s3\"><span class=\"s4\"><span class=\"bumpedFont15\">E vasha e etun\u2019 p\u00ebr han\u00ebn n\u2019lindje<\/span><\/span><\/p>\n<p class=\"s3\"><span class=\"s4\"><span class=\"bumpedFont15\">E diellin n\u2019per\u00ebndim<\/span><\/span><\/p>\n<p class=\"s3\"><span class=\"s4\"><span class=\"bumpedFont15\">Mbeti e shtrir\u00eb n\u00eb shtratin<\/span><\/span><\/p>\n<p class=\"s3\"><span class=\"s4\"><span class=\"bumpedFont15\">E njomur me lang\u2019 dashunie<\/span><\/span><\/p>\n<p class=\"s3\"><span class=\"s4\"><span class=\"bumpedFont15\">Duke pritur<\/span><\/span><\/p>\n<p class=\"s3\"><span class=\"s4\"><span class=\"bumpedFont15\">Diellin t\u2019i lshoj\u2019 rrezet t\u2019a ngroh\u00ea<\/span><\/span><\/p>\n<p class=\"s3\"><span class=\"s4\"><span class=\"bumpedFont15\">Dhe h\u00ebn\u00ebn ta puhit\u00eb drejt\u00eb gjumit t\u2019pakthim\u2019<\/span><\/span><\/p>\n<p class=\"s3\"><span class=\"s4\"><span class=\"bumpedFont15\">T\u2019\u00e7mallet n\u2019arg\u00ebtime&#8230;<\/span><\/span><\/p>","protected":false},"excerpt":{"rendered":"<p>Leonora Bru\u00e7aj u lind n\u00eb Istog. Shkoll\u00ebn fillore dhe gjimnazin \u201cHaxhi Zeka\u201d i kreu n\u00eb vendlindje, kursestudimet e larta i vazhdoi n\u00eb Fakultetin e Filologjis\u00eb t\u00eb Universitetit t\u00eb Prishtin\u00ebs n\u00eb Deg\u00ebn e Let\u00ebrsis\u00eb Shqipe. Ka p\u00ebrfunduar studimet Master n\u00eb Fakultetin e Filologjis\u00eb,Universiteti i Prishtin\u00ebs, Dega Let\u00ebrsi Shqipe, Drejtimi Shkencor, dhe aktualisht \u00ebsht\u00eb n\u00eb studimet doktorale [&hellip;]<\/p>","protected":false},"author":1,"featured_media":2013,"comment_status":"open","ping_status":"open","sticky":false,"template":"","format":"standard","meta":{"_exactmetrics_skip_tracking":false,"_exactmetrics_sitenote_active":false,"_exactmetrics_sitenote_note":"","_exactmetrics_sitenote_category":0,"footnotes":""},"categories":[165,166],"tags":[],"book_author":[],"book_publisher":[],"acf":[],"_links":{"self":[{"href":"https:\/\/www.iwabogdani.org\/sq\/wp-json\/wp\/v2\/posts\/3229"}],"collection":[{"href":"https:\/\/www.iwabogdani.org\/sq\/wp-json\/wp\/v2\/posts"}],"about":[{"href":"https:\/\/www.iwabogdani.org\/sq\/wp-json\/wp\/v2\/types\/post"}],"author":[{"embeddable":true,"href":"https:\/\/www.iwabogdani.org\/sq\/wp-json\/wp\/v2\/users\/1"}],"replies":[{"embeddable":true,"href":"https:\/\/www.iwabogdani.org\/sq\/wp-json\/wp\/v2\/comments?post=3229"}],"version-history":[{"count":0,"href":"https:\/\/www.iwabogdani.org\/sq\/wp-json\/wp\/v2\/posts\/3229\/revisions"}],"wp:featuredmedia":[{"embeddable":true,"href":"https:\/\/www.iwabogdani.org\/sq\/wp-json\/"}],"wp:attachment":[{"href":"https:\/\/www.iwabogdani.org\/sq\/wp-json\/wp\/v2\/media?parent=3229"}],"wp:term":[{"taxonomy":"category","embeddable":true,"href":"https:\/\/www.iwabogdani.org\/sq\/wp-json\/wp\/v2\/categories?post=3229"},{"taxonomy":"post_tag","embeddable":true,"href":"https:\/\/www.iwabogdani.org\/sq\/wp-json\/wp\/v2\/tags?post=3229"},{"taxonomy":"book_author","embeddable":true,"href":"https:\/\/www.iwabogdani.org\/sq\/wp-json\/wp\/v2\/book_author?post=3229"},{"taxonomy":"book_publisher","embeddable":true,"href":"https:\/\/www.iwabogdani.org\/sq\/wp-json\/wp\/v2\/book_publisher?post=3229"}],"curies":[{"name":"wp","href":"https:\/\/api.w.org\/{rel}","templated":true}]}}