{"id":472,"date":"2017-11-08T19:38:22","date_gmt":"2017-11-08T19:38:22","guid":{"rendered":"http:\/\/www.iwabogdani.org\/?p=472"},"modified":"2017-11-08T19:38:22","modified_gmt":"2017-11-08T19:38:22","slug":"muharrem-kurti-kosove","status":"publish","type":"post","link":"https:\/\/www.iwabogdani.org\/sq\/muharrem-kurti-kosove\/","title":{"rendered":"Muharrem Kurti, Kosov\u00eb"},"content":{"rendered":"<p><strong>Muharrem Kurti,<\/strong> lindi me 30.05.1963 (Smolic\u00eb, Gjakov\u00eb).<br \/>\nShkoll\u00ebn fillore dhe nj\u00eb klase t\u00eb shkoll\u00ebs s\u00eb mesme i kreu n\u00eb Gjakov\u00eb. N\u00eb Berat, n\u00eb<br \/>\nShqip\u00ebri, kreu shkollimin e mes\u00ebm, kurse studimet universitare Dega Gjuhe e Let\u00ebrsi Shqipe i vijoi n\u00eb Elbasan, n\u00eb Universitetin \u201cAleksand\u00ebr Xhuvani\u201d. Pas kthimit n\u00eb Kosov\u00eb, burgoset n\u00eb korrik t\u00eb vitit 1987 dhe d\u00ebnohet me 19 muaj burg p\u00ebr propagand\u00eb armiq\u00ebsore.<br \/>\nMuharrem Kurti nisi te shkruaj poezi q\u00eb kur ishte nx\u00ebn\u00ebs i shkoll\u00ebs s\u00eb mesme n\u00eb Berat. Shkrimet e tij i ka botuar ne faqet e shtypit letrar nx\u00eb Shqip\u00ebri dhe Kosov\u00eb. N\u00eb konkursin letrar te vitit 1981, sa ishte nx\u00ebn\u00ebs i shkoll\u00ebs s\u00eb mesme nx\u00eb Berat, nderohet me \u00e7mimin e par\u00eb me nj\u00eb cik\u00ebl poezish. P\u00ebrve\u00e7 poezis\u00eb p\u00ebr te rritur, Muharrem Kurti, shkruan edhe tregime, ese, kritike letrare dhe vjersha p\u00ebr f\u00ebmije.<br \/>\nMuharrem Kurti, p\u00ebr shume vite me radhe ka qene kryetar i klubit letrar \u201cGjon Nikoll\u00eb Kazazi\u201d, klub me reputacion komb\u00ebtar e nd\u00ebrkomb\u00ebtar.<br \/>\nMuharrem Kurti jeton n\u00eb Gjakov\u00eb dhe \u00ebsht\u00eb profesor i Gjuh\u00ebs dhe let\u00ebrsis\u00eb shqipe n\u00eb Shkoll\u00ebn e mesme t\u00eb mjek\u00ebsis\u00eb \u201cHysni Zajmi\u201d n\u00eb Gjakov\u00eb.<br \/>\nVepra te botuara :<br \/>\n&#8211; Gjelb\u00ebrimi Nat\u00ebn, poezi, \u201dRilindja\u201d, 1998<br \/>\n&#8211; Lutja e Kthimit, poezi, \u201dMarin Barleti\u201d, 2000<br \/>\n&#8211; Lot\u00ebt e Luleve, poezi, Klubi letrar \u201cGjon. N. Kazazi\u201d, 2008<br \/>\n&#8211; Drit\u00eb e Zez\u00eb, tregime, Klubi letrar \u201dGj, N. Kazazi\u201d, 2011<br \/>\n&#8211; Porta e Arsyes, poezi e p\u00ebrzgjedhur, \u201cLulu\u201d SHBA, 2011<br \/>\n&#8211; The gate of Reason, poezi, p\u00ebrkthyer n\u00eb gjuh\u00ebn angleze \u201dLulu\u201d SHBA, 2012<br \/>\n&#8211; Dialog me Dhimbjen, poezi, Klubi letrar \u201dGjon. N. Kazazi\u201d, 2013<br \/>\n&#8211; Antologji e Poeteve t\u00eb Mal\u00ebsis\u00eb s\u00eb Gjakov\u00ebs, poezi, 2013, bashkautor me Lulzim Logu.<br \/>\n&#8211; Data Nj\u00ebmb\u00ebdhjet\u00eb, roman, \u201cNacional\u201d, 2015 .<br \/>\n-Dhimbje e Bukur, poezi shqip-greqisht , Greqi, 2016.<br \/>\nKrijimtaria e autorit Muharrem Kurti \u00ebsht\u00eb p\u00ebrkthyer n\u00eb gjuhen angleze, portugeze, spanjolle, kineze, greke, franceze, turke dhe n\u00eb indishte.<br \/>\nGjithashtu \u00ebsht\u00eb p\u00ebrfshi n\u00eb antologjin\u00eb \u201dPoetas del mundo\u201d dhe \u201cWord Poetry \u201c Year book 2014.<br \/>\n\u00cbsht\u00eb antar i \u201cInternational Writers &amp; Artists\u201d IWA.<\/p>\n<p>PAK KOH\u00cb<br \/>\nPak koh\u00eb p\u00ebr idilat<br \/>\nP\u00ebr xhirot e neonta p\u00ebr letrat e dashuris\u00eb<br \/>\nP\u00ebr val\u00ebn e lumit p\u00ebr currilat<br \/>\nP\u00ebr z\u00ebrin e but\u00eb p\u00ebr puhiz\u00ebn e leht\u00eb<br \/>\nPak koh\u00eb p\u00ebr fajin e gabimit<br \/>\nP\u00ebr gabimin e falur p\u00ebr dor\u00ebn e dh\u00ebn\u00eb<br \/>\nP\u00ebr t\u00eb gjitha nismat pa sherr<br \/>\nPak koh\u00eb p\u00ebr pushimin n\u00eb det<br \/>\nP\u00ebr detin e muzgut p\u00ebr gjethet e r\u00ebna<br \/>\nP\u00ebr ty q\u00eb ke qejfin t\u00ebnd p\u00ebr qejfin tim t\u00eb mire<br \/>\nPak koh\u00eb harres\u00ebs s\u00eb smir\u00ebs<br \/>\nP\u00ebr smir\u00ebn e pranueshme p\u00ebr mvrejrjen e ballit<br \/>\nGjat\u00eb smir\u00ebs<br \/>\nP\u00ebr gruan e eksituar p\u00ebr burrin q\u00eb p\u00ebrgj\u00ebrohet<br \/>\nP\u00ebr diellin kur lind p\u00ebr natyr\u00ebn kur yj\u00ebzohet\u2026<\/p>\n<p>MOS VALL\u00cb<br \/>\nN\u00eb vetmin\u00eb q\u00eb ma fali fati<br \/>\nGjithmon\u00eb takova njer\u00ebz dimri<br \/>\nTakova njer\u00ebz nate<br \/>\nNjer\u00ebz akulli takova.<\/p>\n<p>Anj\u00ebher\u00eb njer\u00ebz drite<br \/>\nAnj\u00ebher\u00eb njer\u00ebz agimi<\/p>\n<p>Mos vall\u00eb do t\u00eb b\u00ebhem edhe un\u00eb<br \/>\nNj\u00eb dim\u00ebr nate<br \/>\nNj\u00eb vetmi akulli<br \/>\nMe em\u00ebr m\u00ebrgimi\u2026<br \/>\nElbasan , 1985<\/p>\n<p>N\u00cbSE<br \/>\nMos kendo<br \/>\nN\u00ebse nuk di<br \/>\nT\u00eb vajtosh<br \/>\nMos vajto<br \/>\nN\u00ebse nuk di<br \/>\nT\u00eb k\u00ebndosh.<\/p>\n<p>HESHTJA N\u00cb VENDIN E N\u00cbN\u00cbS<\/p>\n<p>Q\u00eb nga nj\u00eb tetori i 2008-\u00ebs<br \/>\nN\u00eb vendin e n\u00ebn\u00ebs<br \/>\nRri heshtja<br \/>\nE nat\u00ebs s\u00eb zez\u00eb<br \/>\nNuk ndizet drita<br \/>\nNuk d\u00ebgjohet z\u00ebri i \u00ebmb\u00ebl<br \/>\nMungojn\u00eb rrezet e buz\u00ebqeshjet<br \/>\nHeshtja<br \/>\nMe akujt e saj<br \/>\nMe tmerron<br \/>\nN\u00eb vendin e saj\u2026<\/p>\n<p>FUNDFILLIMET<br \/>\nSecili fund<br \/>\nTragjik<br \/>\nKomik<br \/>\nSecili fillim\u2026<\/p>\n<p>KURBETIT<\/p>\n<p>Kurbeti i ndarj\u00ebs dhe egzistenc\u00ebs<br \/>\nI solli v\u00ebll\u00ebz\u00ebrit dhe motrat<br \/>\nVet\u00ebm dhjet\u00eb dit\u00eb n\u00eb vizit\u00eb<br \/>\nI ndezi dritat elektrike s\u00ebrish<br \/>\nZjarr\u00ebt e oxhaqeve<br \/>\nGjall\u00ebrit\u00eb familjare<br \/>\nDhe dit\u00ebn e pest\u00eb e t\u00eb gjasht\u00eb t\u00eb janarit<br \/>\nUrdh\u00ebroj: Mbaroj pushimi!!!<br \/>\nVendpunimet e ngrohta presin<br \/>\nOse rrini dhe flladiti me bor\u00eb dimri<br \/>\nPo t\u00eb doni<br \/>\nKubeti i l\u00eb t\u00eb dashurit tan\u00eb<br \/>\nVet\u00ebm dhjet\u00eb dit\u00eb n\u00eb vizit\u00eb<br \/>\nDhe kur n\u00ebn\u00ebs s\u00eb plakur i qeshnin syt\u00eb<br \/>\nKur thinjat e saj g\u00ebzonin m\u00eb f\u00ebmij\u00eb<br \/>\nKur tryeza plot nipa dhe mbesa ishte<br \/>\nDikush tha fjal\u00ebt e zeza p\u00ebr baban\u00eb<br \/>\nNes\u00ebr duhet t\u00eb kth\u00ebhemi<br \/>\nSe dit\u00ebt e numruara kalojn\u00eb shpejt<br \/>\nOse t\u00eb hahet gur ose t\u00eb shkohet<br \/>\nKu jetohet d\u00ebnj\u00ebsisht<br \/>\nKurbeti ka ligje t\u00eb rrept\u00eb , t\u00eb prer\u00eb<br \/>\nAspak nuk e njeh m\u00ebr\u00ebzin\u00eb e prind\u00ebreve<br \/>\nNuk p\u00ebrfill lumturin\u00eb e bashkimit<br \/>\nNuk toleron as edhe nj\u00eb dit\u00eb m\u00eb tep\u00ebr<br \/>\nI ndal dritat e g\u00ebzimit n\u00eb sht\u00ebpi<br \/>\nI nxin dritar\u00ebt m\u00eb pik\u00ebllim<br \/>\nI ky\u00e7 portat e hyrje dalj\u00ebs<br \/>\nDhomat i mbush m\u00eb trishtim<br \/>\nSht\u00ebpit\u00eb lukzose i zbraz, i boshatis<br \/>\nPritja nis t\u00eb numroj treqind e tridhjet\u00eb e tre dit\u00ebt e ndarj\u00ebs<br \/>\nTreqind e tridhjet\u00eb e tremij\u00eb kurbetqar\u00eb<br \/>\nKurbeti \u00ebsht\u00eb i ftoht\u00eb gjith\u00eb vitin<br \/>\nPrind\u00ebrit i m\u00ebrdhin , i ngrin<br \/>\nKur \u00e7elin lul\u00ebt e pranver\u00ebs<br \/>\nKurbeti i shton rrudhat e ballit<br \/>\nTa m\u00ebson p\u00ebrmend\u00ebsh vetmin\u00eb<br \/>\nAs monedhat e d\u00ebrguara se s&#8217;sosin<br \/>\nM\u00ebrzin\u00eb e tij , jet\u00ebn e p\u00ebrgjysmt\u00eb<br \/>\nEdhe sonte n\u00ebna e mallkoi udh\u00ebn e largimit<br \/>\nDuke ia bart\u00eb dritat e syve<br \/>\nEdhe sot shkuan t\u00eb dashurit\u00eb tan\u00eb<br \/>\nDuke i v\u00ebshtruar babai shkuarjet<br \/>\nFytyrat e f\u00ebmive gjysm\u00eb t\u00eb vdekura<br \/>\nIu binden largesis\u00eb me gjysm\u00ebn e gjall\u00eb<br \/>\nIk\u00ebn nga vetja dhe mjerimi<br \/>\nN\u00eb drit\u00ebn e huaj shtegtuan<br \/>\nDuke i ndjek err\u00ebsira e varf\u00ebris\u00eb mbrapa<br \/>\nRefreni folklorike politik\u00eb &#8220;Kemi arrit&#8221;<br \/>\nKurbeti \u00ebsht\u00eb edhe shp\u00ebtim&#8230;<\/p>\n<p>Gjakov\u00eb ,7, janar, 2017<\/p>","protected":false},"excerpt":{"rendered":"<p>Muharrem Kurti, lindi me 30.05.1963 (Smolic\u00eb, Gjakov\u00eb). Shkoll\u00ebn fillore dhe nj\u00eb klase t\u00eb shkoll\u00ebs s\u00eb mesme i kreu n\u00eb Gjakov\u00eb. N\u00eb Berat, n\u00eb Shqip\u00ebri, kreu shkollimin e mes\u00ebm, kurse studimet universitare Dega Gjuhe e Let\u00ebrsi Shqipe i vijoi n\u00eb Elbasan, n\u00eb Universitetin \u201cAleksand\u00ebr Xhuvani\u201d. Pas kthimit n\u00eb Kosov\u00eb, burgoset n\u00eb korrik t\u00eb vitit 1987 dhe [&hellip;]<\/p>","protected":false},"author":1,"featured_media":473,"comment_status":"open","ping_status":"open","sticky":false,"template":"","format":"standard","meta":{"_exactmetrics_skip_tracking":false,"_exactmetrics_sitenote_active":false,"_exactmetrics_sitenote_note":"","_exactmetrics_sitenote_category":0,"footnotes":""},"categories":[165],"tags":[],"book_author":[],"book_publisher":[],"acf":[],"_links":{"self":[{"href":"https:\/\/www.iwabogdani.org\/sq\/wp-json\/wp\/v2\/posts\/472"}],"collection":[{"href":"https:\/\/www.iwabogdani.org\/sq\/wp-json\/wp\/v2\/posts"}],"about":[{"href":"https:\/\/www.iwabogdani.org\/sq\/wp-json\/wp\/v2\/types\/post"}],"author":[{"embeddable":true,"href":"https:\/\/www.iwabogdani.org\/sq\/wp-json\/wp\/v2\/users\/1"}],"replies":[{"embeddable":true,"href":"https:\/\/www.iwabogdani.org\/sq\/wp-json\/wp\/v2\/comments?post=472"}],"version-history":[{"count":0,"href":"https:\/\/www.iwabogdani.org\/sq\/wp-json\/wp\/v2\/posts\/472\/revisions"}],"wp:featuredmedia":[{"embeddable":true,"href":"https:\/\/www.iwabogdani.org\/sq\/wp-json\/"}],"wp:attachment":[{"href":"https:\/\/www.iwabogdani.org\/sq\/wp-json\/wp\/v2\/media?parent=472"}],"wp:term":[{"taxonomy":"category","embeddable":true,"href":"https:\/\/www.iwabogdani.org\/sq\/wp-json\/wp\/v2\/categories?post=472"},{"taxonomy":"post_tag","embeddable":true,"href":"https:\/\/www.iwabogdani.org\/sq\/wp-json\/wp\/v2\/tags?post=472"},{"taxonomy":"book_author","embeddable":true,"href":"https:\/\/www.iwabogdani.org\/sq\/wp-json\/wp\/v2\/book_author?post=472"},{"taxonomy":"book_publisher","embeddable":true,"href":"https:\/\/www.iwabogdani.org\/sq\/wp-json\/wp\/v2\/book_publisher?post=472"}],"curies":[{"name":"wp","href":"https:\/\/api.w.org\/{rel}","templated":true}]}}