{"id":692,"date":"2017-12-18T20:09:51","date_gmt":"2017-12-18T20:09:51","guid":{"rendered":"http:\/\/www.iwabogdani.org\/?p=692"},"modified":"2017-12-18T20:09:51","modified_gmt":"2017-12-18T20:09:51","slug":"dhjetori-muaji-i-nominimeve-vjetore-nga-lidhja-e-poeteve-shkrimtareve-e-artisteve-pegas-kosove","status":"publish","type":"post","link":"https:\/\/www.iwabogdani.org\/sq\/dhjetori-muaji-i-nominimeve-vjetore-nga-lidhja-e-poeteve-shkrimtareve-e-artisteve-pegas-kosove\/","title":{"rendered":"DHJETORI, MUAJI I NOMINIMEVE VJETORE NGA LIDHJA E POET\u00cbVE, SHKRIMTAR\u00cbVE E ARTIST\u00cbVE \u201cPEGAS\u201d &#8211; KOSOV\u00cb"},"content":{"rendered":"<p><strong>DHJETORI, MUAJI I NOMINIMEVE VJETORE NGA LIDHJA E POET\u00cbVE, SHKRIMTAR\u00cbVE E ARTIST\u00cbVE \u201cPEGAS\u201d &#8211; KOSOV\u00cb<\/strong><\/p>\n<p>Ve\u00e7imi i emrave t\u00eb krijuesve dhe artist\u00ebve n\u00eb k\u00ebt\u00eb p\u00ebrzgjedhje, nuk \u00ebsht\u00eb i rast\u00ebsish\u00ebm. Nderimi i tyre vjen si rezultat i pun\u00ebs dhe angazhimit t\u00eb vazhduesh\u00ebm gjat\u00eb viteve t\u00eb fundit, me theks t\u00eb ve\u00e7ant\u00eb gjat\u00eb k\u00ebtij viti q\u00eb po shkon.<br \/>\nArti mund t\u00eb jet\u00eb pjes\u00eb fragmentare e secilit prej nesh, por qen\u00ebsore \u00ebsht\u00eb se sa kontribuojm\u00eb q\u00eb at\u00eb ta b\u00ebjm\u00eb pjes\u00eb t\u00eb qen\u00ebsis\u00eb dhe jo t\u0451 mbes\u0451 thjesht\u0451 e pjes\u00ebz\u00ebs.<br \/>\n\u201cNj\u00eb cop\u00ebz un\u00eb, nj\u00eb cop\u00ebz ti, dhe kjo bot\u00eb mbushet plot art e magji!\u201d<br \/>\nUrime dhe suksese t\u00eb gjith\u00ebve!<br \/>\nMe respekt, prof. Migena Arllati, kryetare e Lidhjes s\u00eb Poet\u00ebve, Shkrimtar\u00ebve dhe Artist\u00ebve \u201cPegasi\u201d Kosova<\/p>\n<p>TITUJT P\u00cbR VITIN 2017 NGA LPShA \u201cPEGAS\u201d KOSOV\u00cb<\/p>\n<p>Titulli p\u0451r vep\u0451r jet\u0451sore &#8211; Akademik IDRIZ AJETI<br \/>\nTitull i lart\u0451 nderi \u201cpost mortum\u201d &#8211; HADI SHEHU<br \/>\nProzator i vitit &#8211; MEHMET KRAJA<br \/>\nPoet i vitit &#8211; JETON KELMENDI<br \/>\nStudiues i vitit &#8211; FAIK SHKODRA<br \/>\nPiktorja e vitit &#8211; ZAKE PRELVUKAJ<br \/>\nSkulptor i vitit &#8211; AVNI BEHLULI<br \/>\nKlubi letrar i vitit &#8211; \u201cPODGURI\u201d, Istog<br \/>\nAktivisti letrar n\u0451 diaspor\u0451 &#8211; HASAN QYQALLA, Lidhja e krijuesve shqiptar\u0451 t\u0451 m\u0451rgat\u0451s, Gjermani<br \/>\nTitulli \u201cTalent i ri\u201d &#8211; MIMOZA RRACI, Gjakov\u0451<\/p>\n<p>P\u0451rg\u0451zime t\u0451 gjith\u0451ve p\u0451r kontributin dhe pun\u0451n e shk\u0451lqyer!<\/p>","protected":false},"excerpt":{"rendered":"<p>DHJETORI, MUAJI I NOMINIMEVE VJETORE NGA LIDHJA E POET\u00cbVE, SHKRIMTAR\u00cbVE E ARTIST\u00cbVE \u201cPEGAS\u201d &#8211; KOSOV\u00cb Ve\u00e7imi i emrave t\u00eb krijuesve dhe artist\u00ebve n\u00eb k\u00ebt\u00eb p\u00ebrzgjedhje, nuk \u00ebsht\u00eb i rast\u00ebsish\u00ebm. Nderimi i tyre vjen si rezultat i pun\u00ebs dhe angazhimit t\u00eb vazhduesh\u00ebm gjat\u00eb viteve t\u00eb fundit, me theks t\u00eb ve\u00e7ant\u00eb gjat\u00eb k\u00ebtij viti q\u00eb po shkon. [&hellip;]<\/p>","protected":false},"author":1,"featured_media":693,"comment_status":"open","ping_status":"open","sticky":false,"template":"","format":"standard","meta":{"_exactmetrics_skip_tracking":false,"_exactmetrics_sitenote_active":false,"_exactmetrics_sitenote_note":"","_exactmetrics_sitenote_category":0,"footnotes":""},"categories":[165,170],"tags":[],"book_author":[],"book_publisher":[],"acf":[],"_links":{"self":[{"href":"https:\/\/www.iwabogdani.org\/sq\/wp-json\/wp\/v2\/posts\/692"}],"collection":[{"href":"https:\/\/www.iwabogdani.org\/sq\/wp-json\/wp\/v2\/posts"}],"about":[{"href":"https:\/\/www.iwabogdani.org\/sq\/wp-json\/wp\/v2\/types\/post"}],"author":[{"embeddable":true,"href":"https:\/\/www.iwabogdani.org\/sq\/wp-json\/wp\/v2\/users\/1"}],"replies":[{"embeddable":true,"href":"https:\/\/www.iwabogdani.org\/sq\/wp-json\/wp\/v2\/comments?post=692"}],"version-history":[{"count":0,"href":"https:\/\/www.iwabogdani.org\/sq\/wp-json\/wp\/v2\/posts\/692\/revisions"}],"wp:featuredmedia":[{"embeddable":true,"href":"https:\/\/www.iwabogdani.org\/sq\/wp-json\/wp\/v2\/media\/693"}],"wp:attachment":[{"href":"https:\/\/www.iwabogdani.org\/sq\/wp-json\/wp\/v2\/media?parent=692"}],"wp:term":[{"taxonomy":"category","embeddable":true,"href":"https:\/\/www.iwabogdani.org\/sq\/wp-json\/wp\/v2\/categories?post=692"},{"taxonomy":"post_tag","embeddable":true,"href":"https:\/\/www.iwabogdani.org\/sq\/wp-json\/wp\/v2\/tags?post=692"},{"taxonomy":"book_author","embeddable":true,"href":"https:\/\/www.iwabogdani.org\/sq\/wp-json\/wp\/v2\/book_author?post=692"},{"taxonomy":"book_publisher","embeddable":true,"href":"https:\/\/www.iwabogdani.org\/sq\/wp-json\/wp\/v2\/book_publisher?post=692"}],"curies":[{"name":"wp","href":"https:\/\/api.w.org\/{rel}","templated":true}]}}