{"id":768,"date":"2018-02-19T20:29:28","date_gmt":"2018-02-19T20:29:28","guid":{"rendered":"http:\/\/www.iwabogdani.org\/?p=768"},"modified":"2018-02-19T20:29:28","modified_gmt":"2018-02-19T20:29:28","slug":"rexhep-hoti-kosove","status":"publish","type":"post","link":"https:\/\/www.iwabogdani.org\/sq\/rexhep-hoti-kosove\/","title":{"rendered":"Rexhep Hoti, Kosov\u00eb"},"content":{"rendered":"<p>Rexhep Hoti ka lindur n\u00eb Krush\u00eb t\u00eb Madhe m\u00eb 12 Janar 1964. Ai ka mbaruar studimet n\u00eb Universitetin e Kosov\u00ebs p\u00ebr Let\u00ebrsi dhe Gjuh\u00eb Shqipe, nd\u00ebrsa magjistratur\u00ebn n\u00eb shkencat filologjike po n\u00eb k\u00ebt\u00eb universitet, me tem\u00ebn \u00abKombi dhe shteti n\u00eb krijimtarin\u00eb e Kadares\u00eb\u00bb.<br \/>\nNga viti 2013 \u00ebsht\u00eb duke ndjekur studimet e doktorat\u00ebs n\u00eb Departamentin e Shkencave Politike dhe Nd\u00ebrkomb\u00ebtare n\u00eb Universitetin Europian t\u00eb Tiran\u00ebs.<br \/>\nHoti ka nj\u00eb biografi t\u00eb pasur me angazhimet e tij n\u00eb fush\u00ebn e medieve, t\u00eb studimeve, t\u00eb artit dhe t\u00eb publicistik\u00ebs. Si student ka nxjerr\u00eb gazet\u00ebn e par\u00eb universitare t\u00eb shtypur, me titull \u00abFundamenti\u00bb n\u00eb Fakultetin e SHMN-s\u00eb n\u00eb Prishtin\u00eb.<br \/>\nN\u00eb fillim t\u00eb viteve \u201990 t\u00eb shekullit t\u00eb kaluar, me Ukshin Hotin udh\u00ebtojn\u00eb n\u00eb Lubjan\u00eb, ku fillimisht ishte Lektor i revist\u00ebs s\u00eb njohur \u00abAlternativa\u00bb e m\u00eb pas edhe redaktor i revist\u00ebs \u00abDemokracia Autentike\u00bb, ku nj\u00ebher\u00ebsh ishte edhe bashk\u00ebthemelues me Ukshin Hotin.<br \/>\nHoti ka themeluar edhe gazet\u00ebn e p\u00ebrditshme \u00abInfopress\u00bb, t\u00eb p\u00ebrditshmen \u00abTribuna shqiptare\u00bb, t\u00eb p\u00ebrditshmen \u00abSport\u00bb, revist\u00ebn \u00abIPmagazin\u00eb\u00bb etj.<br \/>\nHoti ka qen\u00eb edhe k\u00ebshilltar politik i kryeministrit Bajram Rexhepi, ka hapur zyr\u00ebn e par\u00eb t\u00eb Qeveris\u00eb s\u00eb Kosov\u00ebs n\u00eb UNMIK dhe ishte nj\u00ebri prej hartuesve t\u00eb dokumentit \u00abStandardet p\u00ebr Kosov\u00ebn\u00bb, hartues i dokumentit \u00abStrategjia e Bashk\u00ebpunimit Qeveri-UNMIK\u00bb, koordinator i Zyr\u00ebs Nd\u00ebrlidh\u00ebse Qeveri-UNMIK, deputet i Kuvendit t\u00eb Kosov\u00ebs, Drejtor i Akademis\u00eb Diplomatike Shqiptare, Zyra Rajonale Kosov\u00eb, Z\u00ebvend\u00ebsminist\u00ebr n\u00eb MKRS-s\u00eb etj.<br \/>\nHoti \u00ebsht\u00eb autor i disa librave, i shum\u00eb punimeve shkencore si dhe pjes\u00ebmarr\u00ebs n\u00eb mjaft Seminare dhe Konferenca Nd\u00ebrkomb\u00ebtare. Librat e tij m\u00eb t\u00eb njohur jan\u00eb: \u00abVisore t\u00eb shthurura\u00bb, \u00abNata e Kosov\u00ebs\u00bb, \u00abTempulli i fjal\u00ebs\u00bb, \u00abKosova p\u00ebrball\u00eb vetvetes\u00bb, \u00abPesha e konsensusit\u00bb, \u00abP\u00ebrzierje e trisht\u00eb\u00bb, \u00abGjenit\u00eb dhe drama e Kosov\u00ebs\u00bb, \u00abFlirti civil dhe ambasadori\u00bb, \u00abNd\u00ebshkimi i kujtimeve\u00bb etj.<br \/>\n\u00cbsht\u00eb i martuar, ka tre f\u00ebmij\u00eb, jeton n\u00eb Prishtin\u00eb.<\/p>\n<p>Poezi<\/p>\n<p>Shp\u00ebrthekoje dashurin\u00eb<\/p>\n<p>Shp\u00ebrthekoje dashurin\u00eb n\u00eb hap\u00ebsirat e paprekura,<br \/>\nTa shijoj cop\u00ebzimin tim n\u00eb mij\u00ebra grimca,<br \/>\nSi thot\u00eb poeti, ah, n\u00eb at\u00eb vend;<br \/>\nFanar\u00ebt e rrug\u00ebve l\u00eb t\u00eb ndri\u00e7ohen prej ndjenjave;<br \/>\nR\u00ebnkimi i frym\u00ebmarrjes sate m\u00eb le pa mend.<br \/>\nBesoj n\u00eb shikimin e dashuruar,<br \/>\nS\u2019ka rr\u00ebfim ku s\u2019t\u00eb b\u00ebj t\u00eb pavdekshme;<br \/>\nSi fark\u00ebtari i mo\u00e7\u00ebm q\u00eb i jep hekurit uj\u00eb n\u00ebp\u00ebr zjarr,<br \/>\nI shuaj etjen \u00e7do qelize n\u00eb shpirtin t\u00ebnd.<br \/>\nE b\u00ebra diellin t\u00eb lindte m\u00eb her\u00ebt p\u00ebr ty,<br \/>\nT\u00eb besoj natyrsh\u00ebm e s\u2019e di p\u00ebrse;<br \/>\nE zgjidh konfliktin e stin\u00ebve p\u00ebr kufijt\u00eb,<br \/>\nP\u00ebr ty b\u00ebhem vagabond, Sh\u00ebn Terez\u00eb e Sk\u00ebnderbe!<br \/>\nDhe kur shtigjet t\u00eb mos ken\u00eb shpres\u00eb,<br \/>\nBesim do t\u2019u fal njer\u00ebzve udh\u00ebtar\u00eb;<br \/>\nDo t\u00eb shfaqem mbi kupol\u00ebn qiellore p\u00ebr ty,<br \/>\nT\u2019i drejtoj t\u00eb humburit e dashuruar un\u00eb si Ylli Polar!<\/p>\n<p>Tiran\u00eb-Prishtin\u00eb, Dim\u00ebr pas Vitit t\u00eb Ri, 2018<\/p>\n<p>Kthimi i poetit<\/p>\n<p>Liqeni val\u00ebzohet qet\u00eb n\u00eb vall\u00ebzim me vetveten.<br \/>\nSapo ujin prek m\u00eb vijn\u00eb \u00ebndrrat lasgushiane;<br \/>\nSyprina e p\u00ebrkund vetmin\u00eb t\u00eb dremis n\u00ebp\u00ebr vargje;<br \/>\nKoran\u00ebt notojn\u00eb me krekosje p\u00ebr misione marsiane!<br \/>\nRet\u00eb m\u00eb p\u00ebrkulen nga lart me serenatat kor\u00e7are,<br \/>\nFluturimet vring\u00ebllojn\u00eb si shpatat n\u00eb dyluftim;<br \/>\nMjeshtri i fjal\u00ebs po kthehet me mallin e nd\u00ebshkuar,<br \/>\nLiqeni i hap portat me druajtje t\u00eb ankoroj shpirtit im.<br \/>\nNata n\u00eb sosje prarohet qet\u00eb n\u00eb t\u00eb p\u00ebrhitur\u00ebn<br \/>\nE marr ngadal\u00eb diellin, e kapa p\u00ebr dore si f\u00ebmij\u00eb,<br \/>\nRrezohet gjith\u00e7ka n\u00eb ledhatime prej Yllit t\u00eb Zemr\u00ebs,<br \/>\nT\u00eb mos ket\u00eb frik\u00eb drita, gjersa zhytet thell\u00eb n\u00ebp\u00ebr sy!<\/p>\n<p>Pogradec \u2013 Prishtin\u00eb, Dim\u00ebr pas Viti t\u00eb Ri, 2018<\/p>\n<p>M\u00eb mjafton aroma&#8230;<\/p>\n<p>Nuk e nd\u00ebrroj me puthje!<br \/>\nM\u00eb jep vet\u00ebm at\u00eb p\u00ebrqafim me shkronja.<br \/>\nGjith\u00e7ka rreth meje po shp\u00ebrfytyrohet,<br \/>\nDrita e pamjes sate me bie nga mendja.<br \/>\nT\u00eb marr arom\u00ebn e trupit t\u00ebnd;<br \/>\nT\u00eb marr shpirtin n\u00eb gji,<br \/>\nT\u00eb mbjell fort shtr\u00ebngimin n\u00eb bel<br \/>\nKaq dua,<br \/>\nJo m\u00eb shum\u00eb;<br \/>\nP\u00ebrqafim!<br \/>\nZoti t\u00eb dhasht\u00eb&#8230;, si thot\u00eb Migjeni yn\u00eb!<br \/>\nO, m\u00eb shkruaj n\u00eb nj\u00ebj\u00ebs, t\u00eb lutem!<br \/>\nM\u00eb \u201cju\u201d s\u2019arrij kurr\u00eb te gjoksi yt;<br \/>\nVet\u00ebm k\u00ebshtu vitet do ta humbin kuptimin<br \/>\nE numrave midis nesh,<br \/>\nStin\u00ebt nuk do t\u00eb ken\u00eb mosh\u00eb,<br \/>\nNgjyrat do t\u00eb jen\u00eb plot\u00eb er\u00eb<br \/>\nE ne do t\u00eb b\u00ebhemi<br \/>\nNj\u00eb n\u00eb p\u00ebrqafim.<\/p>\n<p>Prishtin\u00eb, Dim\u00ebr, janar 2018<\/p>","protected":false},"excerpt":{"rendered":"<p>Rexhep Hoti ka lindur n\u00eb Krush\u00eb t\u00eb Madhe m\u00eb 12 Janar 1964. Ai ka mbaruar studimet n\u00eb Universitetin e Kosov\u00ebs p\u00ebr Let\u00ebrsi dhe Gjuh\u00eb Shqipe, nd\u00ebrsa magjistratur\u00ebn n\u00eb shkencat filologjike po n\u00eb k\u00ebt\u00eb universitet, me tem\u00ebn \u00abKombi dhe shteti n\u00eb krijimtarin\u00eb e Kadares\u00eb\u00bb. Nga viti 2013 \u00ebsht\u00eb duke ndjekur studimet e doktorat\u00ebs n\u00eb Departamentin e [&hellip;]<\/p>","protected":false},"author":1,"featured_media":773,"comment_status":"open","ping_status":"open","sticky":false,"template":"","format":"standard","meta":{"_exactmetrics_skip_tracking":false,"_exactmetrics_sitenote_active":false,"_exactmetrics_sitenote_note":"","_exactmetrics_sitenote_category":0,"footnotes":""},"categories":[165,166],"tags":[],"book_author":[],"book_publisher":[],"acf":[],"_links":{"self":[{"href":"https:\/\/www.iwabogdani.org\/sq\/wp-json\/wp\/v2\/posts\/768"}],"collection":[{"href":"https:\/\/www.iwabogdani.org\/sq\/wp-json\/wp\/v2\/posts"}],"about":[{"href":"https:\/\/www.iwabogdani.org\/sq\/wp-json\/wp\/v2\/types\/post"}],"author":[{"embeddable":true,"href":"https:\/\/www.iwabogdani.org\/sq\/wp-json\/wp\/v2\/users\/1"}],"replies":[{"embeddable":true,"href":"https:\/\/www.iwabogdani.org\/sq\/wp-json\/wp\/v2\/comments?post=768"}],"version-history":[{"count":0,"href":"https:\/\/www.iwabogdani.org\/sq\/wp-json\/wp\/v2\/posts\/768\/revisions"}],"wp:featuredmedia":[{"embeddable":true,"href":"https:\/\/www.iwabogdani.org\/sq\/wp-json\/"}],"wp:attachment":[{"href":"https:\/\/www.iwabogdani.org\/sq\/wp-json\/wp\/v2\/media?parent=768"}],"wp:term":[{"taxonomy":"category","embeddable":true,"href":"https:\/\/www.iwabogdani.org\/sq\/wp-json\/wp\/v2\/categories?post=768"},{"taxonomy":"post_tag","embeddable":true,"href":"https:\/\/www.iwabogdani.org\/sq\/wp-json\/wp\/v2\/tags?post=768"},{"taxonomy":"book_author","embeddable":true,"href":"https:\/\/www.iwabogdani.org\/sq\/wp-json\/wp\/v2\/book_author?post=768"},{"taxonomy":"book_publisher","embeddable":true,"href":"https:\/\/www.iwabogdani.org\/sq\/wp-json\/wp\/v2\/book_publisher?post=768"}],"curies":[{"name":"wp","href":"https:\/\/api.w.org\/{rel}","templated":true}]}}